{"id":9814,"date":"2014-04-11T09:49:53","date_gmt":"2014-04-11T07:49:53","guid":{"rendered":"http:\/\/www.im-banne-der-sensoren.de\/?p=9814"},"modified":"2014-04-11T09:54:15","modified_gmt":"2014-04-11T07:54:15","slug":"aus-dem-suden-zuruck","status":"publish","type":"post","link":"https:\/\/www.im-banne-der-sensoren.de\/?p=9814","title":{"rendered":"Aus dem S\u00fcden zur\u00fcck"},"content":{"rendered":"<p><a href=\"http:\/\/www.im-banne-der-sensoren.de\/wp-content\/uploads\/2014\/04\/DSC05102.jpg\"><img loading=\"lazy\" decoding=\"async\" src=\"http:\/\/www.im-banne-der-sensoren.de\/wp-content\/uploads\/2014\/04\/DSC05102-500x333.jpg\" alt=\"\" title=\"alle drumherum - DSC05102\" width=\"500\" height=\"333\" class=\"alignnone size-medium wp-image-9815\" srcset=\"https:\/\/www.im-banne-der-sensoren.de\/wp-content\/uploads\/2014\/04\/DSC05102-500x333.jpg 500w, https:\/\/www.im-banne-der-sensoren.de\/wp-content\/uploads\/2014\/04\/DSC05102-900x599.jpg 900w, https:\/\/www.im-banne-der-sensoren.de\/wp-content\/uploads\/2014\/04\/DSC05102.jpg 950w\" sizes=\"auto, (max-width: 500px) 100vw, 500px\" \/><\/a><br \/>\nZum Jubeltag in s\u00fcdlichen Gestaden sind sogar die Tischchen rechtzeitig aus dem Winterquartier zur\u00fcck. Daran nun sitzen k\u00f6nnen und das ein oder andere Halbe zu sich nehmen, zuprosten und zur\u00fcckprosten und sich feine Sachen sagen \u2013 ach, wer da doch dabei sein k\u00f6nnte. Seufz \u2013 und: Hoch die Tassen!<\/p>\n","protected":false},"excerpt":{"rendered":"<p>Zum Jubeltag in s\u00fcdlichen Gestaden sind sogar die Tischchen rechtzeitig aus dem Winterquartier zur\u00fcck. Daran nun sitzen k\u00f6nnen und das ein oder andere Halbe zu sich nehmen, zuprosten und zur\u00fcckprosten und sich feine Sachen sagen \u2013 ach, wer da doch dabei sein k\u00f6nnte. Seufz \u2013 und: Hoch die Tassen!<\/p>\n","protected":false},"author":1,"featured_media":0,"comment_status":"open","ping_status":"open","sticky":false,"template":"","format":"standard","meta":{"footnotes":""},"categories":[15,3,124,169,138,61],"tags":[],"class_list":["post-9814","post","type-post","status-publish","format-standard","hentry","category-ausen","category-peter_p","category-schwarzweis","category-stadt","category-strase","category-tisch","entry"],"_links":{"self":[{"href":"https:\/\/www.im-banne-der-sensoren.de\/index.php?rest_route=\/wp\/v2\/posts\/9814","targetHints":{"allow":["GET"]}}],"collection":[{"href":"https:\/\/www.im-banne-der-sensoren.de\/index.php?rest_route=\/wp\/v2\/posts"}],"about":[{"href":"https:\/\/www.im-banne-der-sensoren.de\/index.php?rest_route=\/wp\/v2\/types\/post"}],"author":[{"embeddable":true,"href":"https:\/\/www.im-banne-der-sensoren.de\/index.php?rest_route=\/wp\/v2\/users\/1"}],"replies":[{"embeddable":true,"href":"https:\/\/www.im-banne-der-sensoren.de\/index.php?rest_route=%2Fwp%2Fv2%2Fcomments&post=9814"}],"version-history":[{"count":2,"href":"https:\/\/www.im-banne-der-sensoren.de\/index.php?rest_route=\/wp\/v2\/posts\/9814\/revisions"}],"predecessor-version":[{"id":9817,"href":"https:\/\/www.im-banne-der-sensoren.de\/index.php?rest_route=\/wp\/v2\/posts\/9814\/revisions\/9817"}],"wp:attachment":[{"href":"https:\/\/www.im-banne-der-sensoren.de\/index.php?rest_route=%2Fwp%2Fv2%2Fmedia&parent=9814"}],"wp:term":[{"taxonomy":"category","embeddable":true,"href":"https:\/\/www.im-banne-der-sensoren.de\/index.php?rest_route=%2Fwp%2Fv2%2Fcategories&post=9814"},{"taxonomy":"post_tag","embeddable":true,"href":"https:\/\/www.im-banne-der-sensoren.de\/index.php?rest_route=%2Fwp%2Fv2%2Ftags&post=9814"}],"curies":[{"name":"wp","href":"https:\/\/api.w.org\/{rel}","templated":true}]}}