{"id":8662,"date":"2013-11-09T11:12:11","date_gmt":"2013-11-09T10:12:11","guid":{"rendered":"http:\/\/www.im-banne-der-sensoren.de\/?p=8662"},"modified":"2013-11-09T15:54:31","modified_gmt":"2013-11-09T14:54:31","slug":"fiat-nux","status":"publish","type":"post","link":"https:\/\/www.im-banne-der-sensoren.de\/?p=8662","title":{"rendered":"Fiat nux"},"content":{"rendered":"<p><a href=\"http:\/\/www.im-banne-der-sensoren.de\/wp-content\/uploads\/2013\/11\/DSC03778.jpg\"><img loading=\"lazy\" decoding=\"async\" src=\"http:\/\/www.im-banne-der-sensoren.de\/wp-content\/uploads\/2013\/11\/DSC03778-500x333.jpg\" alt=\"\" title=\"ein blick - DSC03778\" width=\"500\" height=\"333\" class=\"alignnone size-medium wp-image-8663\" srcset=\"https:\/\/www.im-banne-der-sensoren.de\/wp-content\/uploads\/2013\/11\/DSC03778-500x333.jpg 500w, https:\/\/www.im-banne-der-sensoren.de\/wp-content\/uploads\/2013\/11\/DSC03778-900x599.jpg 900w, https:\/\/www.im-banne-der-sensoren.de\/wp-content\/uploads\/2013\/11\/DSC03778.jpg 950w\" sizes=\"auto, (max-width: 500px) 100vw, 500px\" \/><\/a><br \/>\nGerade erst hatte Gott dem Flagelanten Casanova ordentlich den Hosenboden strammgezogen, da fiel ihm ein, was er dem grellen Licht der Obsz\u00f6nit\u00e4t, der hellen Geilheit und glei\u00dfenden Verworfenheit, der Fackel der Gottlosigkeit und des sowieso allgemeinen Lebens\u00fcberdrusses entgegenstellen konnte. Gesagt, getan.<\/p>\n","protected":false},"excerpt":{"rendered":"<p>Gerade erst hatte Gott dem Flagelanten Casanova ordentlich den Hosenboden strammgezogen, da fiel ihm ein, was er dem grellen Licht der Obsz\u00f6nit\u00e4t, der hellen Geilheit und glei\u00dfenden Verworfenheit, der Fackel der Gottlosigkeit und des sowieso allgemeinen Lebens\u00fcberdrusses entgegenstellen konnte. Gesagt, getan.<\/p>\n","protected":false},"author":1,"featured_media":0,"comment_status":"open","ping_status":"open","sticky":false,"template":"","format":"standard","meta":{"footnotes":""},"categories":[32,15,116,8,44,3,169],"tags":[231],"class_list":["post-8662","post","type-post","status-publish","format-standard","hentry","category-architektur","category-ausen","category-dunkel","category-licht","category-nacht","category-peter_p","category-stadt","tag-venedig","entry"],"_links":{"self":[{"href":"https:\/\/www.im-banne-der-sensoren.de\/index.php?rest_route=\/wp\/v2\/posts\/8662","targetHints":{"allow":["GET"]}}],"collection":[{"href":"https:\/\/www.im-banne-der-sensoren.de\/index.php?rest_route=\/wp\/v2\/posts"}],"about":[{"href":"https:\/\/www.im-banne-der-sensoren.de\/index.php?rest_route=\/wp\/v2\/types\/post"}],"author":[{"embeddable":true,"href":"https:\/\/www.im-banne-der-sensoren.de\/index.php?rest_route=\/wp\/v2\/users\/1"}],"replies":[{"embeddable":true,"href":"https:\/\/www.im-banne-der-sensoren.de\/index.php?rest_route=%2Fwp%2Fv2%2Fcomments&post=8662"}],"version-history":[{"count":3,"href":"https:\/\/www.im-banne-der-sensoren.de\/index.php?rest_route=\/wp\/v2\/posts\/8662\/revisions"}],"predecessor-version":[{"id":8666,"href":"https:\/\/www.im-banne-der-sensoren.de\/index.php?rest_route=\/wp\/v2\/posts\/8662\/revisions\/8666"}],"wp:attachment":[{"href":"https:\/\/www.im-banne-der-sensoren.de\/index.php?rest_route=%2Fwp%2Fv2%2Fmedia&parent=8662"}],"wp:term":[{"taxonomy":"category","embeddable":true,"href":"https:\/\/www.im-banne-der-sensoren.de\/index.php?rest_route=%2Fwp%2Fv2%2Fcategories&post=8662"},{"taxonomy":"post_tag","embeddable":true,"href":"https:\/\/www.im-banne-der-sensoren.de\/index.php?rest_route=%2Fwp%2Fv2%2Ftags&post=8662"}],"curies":[{"name":"wp","href":"https:\/\/api.w.org\/{rel}","templated":true}]}}