{"id":7965,"date":"2013-08-01T07:58:48","date_gmt":"2013-08-01T05:58:48","guid":{"rendered":"http:\/\/www.im-banne-der-sensoren.de\/?p=7965"},"modified":"2013-08-01T13:40:25","modified_gmt":"2013-08-01T11:40:25","slug":"packstation","status":"publish","type":"post","link":"https:\/\/www.im-banne-der-sensoren.de\/?p=7965","title":{"rendered":"Packstation"},"content":{"rendered":"<p><a href=\"http:\/\/www.im-banne-der-sensoren.de\/wp-content\/uploads\/2013\/08\/DSC02708.jpg\"><img loading=\"lazy\" decoding=\"async\" src=\"http:\/\/www.im-banne-der-sensoren.de\/wp-content\/uploads\/2013\/08\/DSC02708-500x333.jpg\" alt=\"\" title=\"das kann weg\" width=\"500\" height=\"333\" class=\"alignnone size-medium wp-image-7966\" srcset=\"https:\/\/www.im-banne-der-sensoren.de\/wp-content\/uploads\/2013\/08\/DSC02708-500x333.jpg 500w, https:\/\/www.im-banne-der-sensoren.de\/wp-content\/uploads\/2013\/08\/DSC02708-900x599.jpg 900w, https:\/\/www.im-banne-der-sensoren.de\/wp-content\/uploads\/2013\/08\/DSC02708.jpg 950w\" sizes=\"auto, (max-width: 500px) 100vw, 500px\" \/><\/a><br \/>\nWenn man beim St\u00e4dtischen Kultur-Festival ganz weit hinten links um die Geb\u00e4udeecke herumgeht, noch an den auf Holzbrettern lustlos rumspr\u00fchenden Graffiti-Afficionados vorbei, dann kommt man dorthin, wo alle Kultur sp\u00e4ter wohl hintransportiert, verpackt und bis zum n\u00e4chsten Mal gut verwahrt verschlossen werden wird.<\/p>\n","protected":false},"excerpt":{"rendered":"<p>Wenn man beim St\u00e4dtischen Kultur-Festival ganz weit hinten links um die Geb\u00e4udeecke herumgeht, noch an den auf Holzbrettern lustlos rumspr\u00fchenden Graffiti-Afficionados vorbei, dann kommt man dorthin, wo alle Kultur sp\u00e4ter wohl hintransportiert, verpackt und bis zum n\u00e4chsten Mal gut verwahrt verschlossen werden wird.<\/p>\n","protected":false},"author":1,"featured_media":0,"comment_status":"open","ping_status":"open","sticky":false,"template":"","format":"standard","meta":{"footnotes":""},"categories":[15,173,3,169],"tags":[],"class_list":["post-7965","post","type-post","status-publish","format-standard","hentry","category-ausen","category-kunst","category-peter_p","category-stadt","entry"],"_links":{"self":[{"href":"https:\/\/www.im-banne-der-sensoren.de\/index.php?rest_route=\/wp\/v2\/posts\/7965","targetHints":{"allow":["GET"]}}],"collection":[{"href":"https:\/\/www.im-banne-der-sensoren.de\/index.php?rest_route=\/wp\/v2\/posts"}],"about":[{"href":"https:\/\/www.im-banne-der-sensoren.de\/index.php?rest_route=\/wp\/v2\/types\/post"}],"author":[{"embeddable":true,"href":"https:\/\/www.im-banne-der-sensoren.de\/index.php?rest_route=\/wp\/v2\/users\/1"}],"replies":[{"embeddable":true,"href":"https:\/\/www.im-banne-der-sensoren.de\/index.php?rest_route=%2Fwp%2Fv2%2Fcomments&post=7965"}],"version-history":[{"count":3,"href":"https:\/\/www.im-banne-der-sensoren.de\/index.php?rest_route=\/wp\/v2\/posts\/7965\/revisions"}],"predecessor-version":[{"id":7969,"href":"https:\/\/www.im-banne-der-sensoren.de\/index.php?rest_route=\/wp\/v2\/posts\/7965\/revisions\/7969"}],"wp:attachment":[{"href":"https:\/\/www.im-banne-der-sensoren.de\/index.php?rest_route=%2Fwp%2Fv2%2Fmedia&parent=7965"}],"wp:term":[{"taxonomy":"category","embeddable":true,"href":"https:\/\/www.im-banne-der-sensoren.de\/index.php?rest_route=%2Fwp%2Fv2%2Fcategories&post=7965"},{"taxonomy":"post_tag","embeddable":true,"href":"https:\/\/www.im-banne-der-sensoren.de\/index.php?rest_route=%2Fwp%2Fv2%2Ftags&post=7965"}],"curies":[{"name":"wp","href":"https:\/\/api.w.org\/{rel}","templated":true}]}}