{"id":7785,"date":"2013-07-10T09:57:45","date_gmt":"2013-07-10T07:57:45","guid":{"rendered":"http:\/\/www.im-banne-der-sensoren.de\/?p=7785"},"modified":"2013-07-10T12:27:57","modified_gmt":"2013-07-10T10:27:57","slug":"7785","status":"publish","type":"post","link":"https:\/\/www.im-banne-der-sensoren.de\/?p=7785","title":{"rendered":"Sofia Villani Scicolone"},"content":{"rendered":"<p><a href=\"http:\/\/www.im-banne-der-sensoren.de\/wp-content\/uploads\/2013\/07\/DSC02604.jpg\"><img loading=\"lazy\" decoding=\"async\" src=\"http:\/\/www.im-banne-der-sensoren.de\/wp-content\/uploads\/2013\/07\/DSC02604-500x333.jpg\" alt=\"\" title=\"klick!\" width=\"500\" height=\"333\" class=\"alignnone size-medium wp-image-7788\" srcset=\"https:\/\/www.im-banne-der-sensoren.de\/wp-content\/uploads\/2013\/07\/DSC02604-500x333.jpg 500w, https:\/\/www.im-banne-der-sensoren.de\/wp-content\/uploads\/2013\/07\/DSC02604-900x599.jpg 900w, https:\/\/www.im-banne-der-sensoren.de\/wp-content\/uploads\/2013\/07\/DSC02604.jpg 950w\" sizes=\"auto, (max-width: 500px) 100vw, 500px\" \/><\/a><br \/>\nSophia Loren wurde am liebsten vor Sonnenunterg\u00e4ngen fotografiert. Darin sah ich meine einzige M\u00f6glichkeit, sie vor die Kamera zu kriegen, kurz nachdem sie 1964 f\u00fcr ihre Rolle in <em>Matrimonio all\u2019italiana<\/em> diese \u00fcberraschende Oscar-Nominierung erhalten hatte. Mehrmals hatte ich an Sommerabenden, die ein wunderbares Licht versprachen, \u00fcber ihr B\u00fcro in Mailand einen Termin zu bekommen versucht, immer war ich aber gescheitert. W\u00e4hrend einer Drehpaus am Set von <em>Mein Butterbrot<\/em> ergab sich dann eine \u00fcberraschende Situation: Die Loren war \u00e4u\u00dferst fotografierwillig, noch dazu beinah barbusig von der letzten gedrehten Einstellung, der Himmel war bereits renaissance-verd\u00e4chtig aufgeh\u00fcbscht, und ich hatte meine Leica griffbereit. Ich wusste, da war nur noch ein Bild auf dem Ektachrome-Film, es musste einfach alles klappen \u2013 doch leider fiel Sophia im entscheidenden Moment \u00fcber einen kleinen Busch und derart tief ins Gras, dass man sich die gro\u00dfe Darstellerin auf diesem Bild meiner w\u00f6chentlichen ZEIT.magazin-Kolumne irgendwie ein wenig selbst vorstellen muss. Eben hatte sie noch da gestanden, ehrlich!!<\/p>\n","protected":false},"excerpt":{"rendered":"<p>Sophia Loren wurde am liebsten vor Sonnenunterg\u00e4ngen fotografiert. Darin sah ich meine einzige M\u00f6glichkeit, sie vor die Kamera zu kriegen, kurz nachdem sie 1964 f\u00fcr ihre Rolle in Matrimonio all\u2019italiana diese \u00fcberraschende Oscar-Nominierung erhalten hatte. Mehrmals hatte ich an Sommerabenden, die ein wunderbares Licht versprachen, \u00fcber ihr B\u00fcro in Mailand einen Termin zu bekommen versucht,<a class=\"more-link\" href=\"https:\/\/www.im-banne-der-sensoren.de\/?p=7785\"><span class=\"screen-reader-text\">&#8222;Sofia Villani Scicolone&#8220;<\/span> weiterlesen<\/a><\/p>\n","protected":false},"author":1,"featured_media":0,"comment_status":"open","ping_status":"open","sticky":false,"template":"","format":"standard","meta":{"footnotes":""},"categories":[15,60,8,126,3,31,181],"tags":[],"class_list":["post-7785","post","type-post","status-publish","format-standard","hentry","category-ausen","category-himmel","category-licht","category-manipulation","category-peter_p","category-sonne","category-wolken","entry"],"_links":{"self":[{"href":"https:\/\/www.im-banne-der-sensoren.de\/index.php?rest_route=\/wp\/v2\/posts\/7785","targetHints":{"allow":["GET"]}}],"collection":[{"href":"https:\/\/www.im-banne-der-sensoren.de\/index.php?rest_route=\/wp\/v2\/posts"}],"about":[{"href":"https:\/\/www.im-banne-der-sensoren.de\/index.php?rest_route=\/wp\/v2\/types\/post"}],"author":[{"embeddable":true,"href":"https:\/\/www.im-banne-der-sensoren.de\/index.php?rest_route=\/wp\/v2\/users\/1"}],"replies":[{"embeddable":true,"href":"https:\/\/www.im-banne-der-sensoren.de\/index.php?rest_route=%2Fwp%2Fv2%2Fcomments&post=7785"}],"version-history":[{"count":9,"href":"https:\/\/www.im-banne-der-sensoren.de\/index.php?rest_route=\/wp\/v2\/posts\/7785\/revisions"}],"predecessor-version":[{"id":7795,"href":"https:\/\/www.im-banne-der-sensoren.de\/index.php?rest_route=\/wp\/v2\/posts\/7785\/revisions\/7795"}],"wp:attachment":[{"href":"https:\/\/www.im-banne-der-sensoren.de\/index.php?rest_route=%2Fwp%2Fv2%2Fmedia&parent=7785"}],"wp:term":[{"taxonomy":"category","embeddable":true,"href":"https:\/\/www.im-banne-der-sensoren.de\/index.php?rest_route=%2Fwp%2Fv2%2Fcategories&post=7785"},{"taxonomy":"post_tag","embeddable":true,"href":"https:\/\/www.im-banne-der-sensoren.de\/index.php?rest_route=%2Fwp%2Fv2%2Ftags&post=7785"}],"curies":[{"name":"wp","href":"https:\/\/api.w.org\/{rel}","templated":true}]}}