{"id":7778,"date":"2013-07-09T08:35:09","date_gmt":"2013-07-09T06:35:09","guid":{"rendered":"http:\/\/www.im-banne-der-sensoren.de\/?p=7778"},"modified":"2013-07-09T08:35:36","modified_gmt":"2013-07-09T06:35:36","slug":"apocalypse-now","status":"publish","type":"post","link":"https:\/\/www.im-banne-der-sensoren.de\/?p=7778","title":{"rendered":"Apocalypse Now"},"content":{"rendered":"<p><a href=\"http:\/\/www.im-banne-der-sensoren.de\/wp-content\/uploads\/2013\/07\/DSC02147.jpg\"><img loading=\"lazy\" decoding=\"async\" src=\"http:\/\/www.im-banne-der-sensoren.de\/wp-content\/uploads\/2013\/07\/DSC02147-500x333.jpg\" alt=\"\" title=\"bitte f\u00fcr uns\" width=\"500\" height=\"333\" class=\"alignnone size-medium wp-image-7780\" srcset=\"https:\/\/www.im-banne-der-sensoren.de\/wp-content\/uploads\/2013\/07\/DSC02147-500x333.jpg 500w, https:\/\/www.im-banne-der-sensoren.de\/wp-content\/uploads\/2013\/07\/DSC02147-900x599.jpg 900w, https:\/\/www.im-banne-der-sensoren.de\/wp-content\/uploads\/2013\/07\/DSC02147.jpg 950w\" sizes=\"auto, (max-width: 500px) 100vw, 500px\" \/><\/a><br \/>\nWas niemand wissen durfte: Francis Ford Coppola f\u00fchrte w\u00e4hrend der Dreharbeiten im Dschungel st\u00e4ndig einen hell gefliesten Familien-Altar mit sich. In schwierigen Drehphasen, als etwa Harvey Keitel bereits abgereist und Martin Sheen noch nicht am Set eingetroffen war, wusste man den Giganten t\u00e4glich mehrere Stunden in seinem abgeschotteten Zelt, wo er betend um Gewissheit rang. Leider gelang mir kein einziger Schuss mit Francis vor der kleinen Gipsfigur, die Lidwina von Schiedam zeigt, Schutzpatronin der Schlittschuhl\u00e4ufer \u2013 aber einmal hatte ich meine Leica griffbereit, als im Zelt feucht durchgewischt wurde. Was f\u00fcr ein Gl\u00fcck f\u00fcr meine ZEIT.magazin-Kolumne, in der ich Jahre sp\u00e4ter nun dieses ansonsten inhaltsleere Motiv der \u00d6ffentlichkeit pr\u00e4sentieren kann.<\/p>\n","protected":false},"excerpt":{"rendered":"<p>Was niemand wissen durfte: Francis Ford Coppola f\u00fchrte w\u00e4hrend der Dreharbeiten im Dschungel st\u00e4ndig einen hell gefliesten Familien-Altar mit sich. In schwierigen Drehphasen, als etwa Harvey Keitel bereits abgereist und Martin Sheen noch nicht am Set eingetroffen war, wusste man den Giganten t\u00e4glich mehrere Stunden in seinem abgeschotteten Zelt, wo er betend um Gewissheit rang.<a class=\"more-link\" href=\"https:\/\/www.im-banne-der-sensoren.de\/?p=7778\"><span class=\"screen-reader-text\">&#8222;Apocalypse Now&#8220;<\/span> weiterlesen<\/a><\/p>\n","protected":false},"author":1,"featured_media":0,"comment_status":"open","ping_status":"open","sticky":false,"template":"","format":"standard","meta":{"footnotes":""},"categories":[8,3],"tags":[],"class_list":["post-7778","post","type-post","status-publish","format-standard","hentry","category-licht","category-peter_p","entry"],"_links":{"self":[{"href":"https:\/\/www.im-banne-der-sensoren.de\/index.php?rest_route=\/wp\/v2\/posts\/7778","targetHints":{"allow":["GET"]}}],"collection":[{"href":"https:\/\/www.im-banne-der-sensoren.de\/index.php?rest_route=\/wp\/v2\/posts"}],"about":[{"href":"https:\/\/www.im-banne-der-sensoren.de\/index.php?rest_route=\/wp\/v2\/types\/post"}],"author":[{"embeddable":true,"href":"https:\/\/www.im-banne-der-sensoren.de\/index.php?rest_route=\/wp\/v2\/users\/1"}],"replies":[{"embeddable":true,"href":"https:\/\/www.im-banne-der-sensoren.de\/index.php?rest_route=%2Fwp%2Fv2%2Fcomments&post=7778"}],"version-history":[{"count":2,"href":"https:\/\/www.im-banne-der-sensoren.de\/index.php?rest_route=\/wp\/v2\/posts\/7778\/revisions"}],"predecessor-version":[{"id":7781,"href":"https:\/\/www.im-banne-der-sensoren.de\/index.php?rest_route=\/wp\/v2\/posts\/7778\/revisions\/7781"}],"wp:attachment":[{"href":"https:\/\/www.im-banne-der-sensoren.de\/index.php?rest_route=%2Fwp%2Fv2%2Fmedia&parent=7778"}],"wp:term":[{"taxonomy":"category","embeddable":true,"href":"https:\/\/www.im-banne-der-sensoren.de\/index.php?rest_route=%2Fwp%2Fv2%2Fcategories&post=7778"},{"taxonomy":"post_tag","embeddable":true,"href":"https:\/\/www.im-banne-der-sensoren.de\/index.php?rest_route=%2Fwp%2Fv2%2Ftags&post=7778"}],"curies":[{"name":"wp","href":"https:\/\/api.w.org\/{rel}","templated":true}]}}