{"id":7309,"date":"2013-05-04T10:44:52","date_gmt":"2013-05-04T08:44:52","guid":{"rendered":"http:\/\/www.im-banne-der-sensoren.de\/?p=7309"},"modified":"2013-05-04T10:44:52","modified_gmt":"2013-05-04T08:44:52","slug":"knautsch","status":"publish","type":"post","link":"https:\/\/www.im-banne-der-sensoren.de\/?p=7309","title":{"rendered":"Knautsch!"},"content":{"rendered":"<p><a href=\"http:\/\/www.im-banne-der-sensoren.de\/wp-content\/uploads\/2013\/05\/DSC01286.jpg\"><img loading=\"lazy\" decoding=\"async\" src=\"http:\/\/www.im-banne-der-sensoren.de\/wp-content\/uploads\/2013\/05\/DSC01286-500x333.jpg\" alt=\"\" title=\"umpf!\" width=\"500\" height=\"333\" class=\"alignnone size-medium wp-image-7310\" srcset=\"https:\/\/www.im-banne-der-sensoren.de\/wp-content\/uploads\/2013\/05\/DSC01286-500x333.jpg 500w, https:\/\/www.im-banne-der-sensoren.de\/wp-content\/uploads\/2013\/05\/DSC01286-900x599.jpg 900w, https:\/\/www.im-banne-der-sensoren.de\/wp-content\/uploads\/2013\/05\/DSC01286.jpg 950w\" sizes=\"auto, (max-width: 500px) 100vw, 500px\" \/><\/a><br \/>\nEs ist dies ein historischer Moment: Hier d\u00fcrfte es sich um das letzte geschossene Foto der Frau B. als Nichtmitglied handeln. Kurze Zeit sp\u00e4ter ist diese Phase ihres Lebens Vergangenheit. Als Neumitglied freudig und geradezu freudianisch begr\u00fc\u00dft im Kreise der bisher Anderen, ist sie nun Teil des Ganzen, Atom des Molek\u00fcls, Bienchen im Schwarme. Wohlgetan.<\/p>\n","protected":false},"excerpt":{"rendered":"<p>Es ist dies ein historischer Moment: Hier d\u00fcrfte es sich um das letzte geschossene Foto der Frau B. als Nichtmitglied handeln. Kurze Zeit sp\u00e4ter ist diese Phase ihres Lebens Vergangenheit. Als Neumitglied freudig und geradezu freudianisch begr\u00fc\u00dft im Kreise der bisher Anderen, ist sie nun Teil des Ganzen, Atom des Molek\u00fcls, Bienchen im Schwarme. Wohlgetan.<\/p>\n","protected":false},"author":1,"featured_media":0,"comment_status":"open","ping_status":"open","sticky":false,"template":"","format":"standard","meta":{"footnotes":""},"categories":[15,3,40,103,31],"tags":[],"class_list":["post-7309","post","type-post","status-publish","format-standard","hentry","category-ausen","category-peter_p","category-portrait","category-schatten","category-sonne","entry"],"_links":{"self":[{"href":"https:\/\/www.im-banne-der-sensoren.de\/index.php?rest_route=\/wp\/v2\/posts\/7309","targetHints":{"allow":["GET"]}}],"collection":[{"href":"https:\/\/www.im-banne-der-sensoren.de\/index.php?rest_route=\/wp\/v2\/posts"}],"about":[{"href":"https:\/\/www.im-banne-der-sensoren.de\/index.php?rest_route=\/wp\/v2\/types\/post"}],"author":[{"embeddable":true,"href":"https:\/\/www.im-banne-der-sensoren.de\/index.php?rest_route=\/wp\/v2\/users\/1"}],"replies":[{"embeddable":true,"href":"https:\/\/www.im-banne-der-sensoren.de\/index.php?rest_route=%2Fwp%2Fv2%2Fcomments&post=7309"}],"version-history":[{"count":1,"href":"https:\/\/www.im-banne-der-sensoren.de\/index.php?rest_route=\/wp\/v2\/posts\/7309\/revisions"}],"predecessor-version":[{"id":7311,"href":"https:\/\/www.im-banne-der-sensoren.de\/index.php?rest_route=\/wp\/v2\/posts\/7309\/revisions\/7311"}],"wp:attachment":[{"href":"https:\/\/www.im-banne-der-sensoren.de\/index.php?rest_route=%2Fwp%2Fv2%2Fmedia&parent=7309"}],"wp:term":[{"taxonomy":"category","embeddable":true,"href":"https:\/\/www.im-banne-der-sensoren.de\/index.php?rest_route=%2Fwp%2Fv2%2Fcategories&post=7309"},{"taxonomy":"post_tag","embeddable":true,"href":"https:\/\/www.im-banne-der-sensoren.de\/index.php?rest_route=%2Fwp%2Fv2%2Ftags&post=7309"}],"curies":[{"name":"wp","href":"https:\/\/api.w.org\/{rel}","templated":true}]}}