{"id":6973,"date":"2013-03-21T07:55:42","date_gmt":"2013-03-21T06:55:42","guid":{"rendered":"http:\/\/www.im-banne-der-sensoren.de\/?p=6973"},"modified":"2013-03-21T07:55:50","modified_gmt":"2013-03-21T06:55:50","slug":"bitte-schon","status":"publish","type":"post","link":"https:\/\/www.im-banne-der-sensoren.de\/?p=6973","title":{"rendered":"Bitte sch\u00f6n!"},"content":{"rendered":"<p><a href=\"http:\/\/www.im-banne-der-sensoren.de\/wp-content\/uploads\/2013\/03\/DSC00318.jpg\"><img loading=\"lazy\" decoding=\"async\" src=\"http:\/\/www.im-banne-der-sensoren.de\/wp-content\/uploads\/2013\/03\/DSC00318-500x333.jpg\" alt=\"\" title=\"lux fiat\" width=\"500\" height=\"333\" class=\"alignnone size-medium wp-image-6974\" srcset=\"https:\/\/www.im-banne-der-sensoren.de\/wp-content\/uploads\/2013\/03\/DSC00318-500x333.jpg 500w, https:\/\/www.im-banne-der-sensoren.de\/wp-content\/uploads\/2013\/03\/DSC00318-900x599.jpg 900w, https:\/\/www.im-banne-der-sensoren.de\/wp-content\/uploads\/2013\/03\/DSC00318.jpg 950w\" sizes=\"auto, (max-width: 500px) 100vw, 500px\" \/><\/a><br \/>\nDer Herr Kollege will es so: In Wirklichkeit sieht diese Ecke heute morgen nat\u00fcrlich ganz anders aus. Aber wenn ich gebeten werde, jetzt endlich mal die winterstarren und schneegleissenden, die jahreszeitlich-hermaphroditischen und beinah schon fritzwunderlichen Motive f\u00fcr mich selbst zu behalten \u2013 dann will ich nicht hintanstehen, diesen Wunsch innert k\u00fcrzester Frist auch angemessen zu ber\u00fccksichtigen. Was also hiermit geschehen w\u00e4re. <em>(nach rechts ab)<\/em><\/p>\n","protected":false},"excerpt":{"rendered":"<p>Der Herr Kollege will es so: In Wirklichkeit sieht diese Ecke heute morgen nat\u00fcrlich ganz anders aus. Aber wenn ich gebeten werde, jetzt endlich mal die winterstarren und schneegleissenden, die jahreszeitlich-hermaphroditischen und beinah schon fritzwunderlichen Motive f\u00fcr mich selbst zu behalten \u2013 dann will ich nicht hintanstehen, diesen Wunsch innert k\u00fcrzester Frist auch angemessen zu<a class=\"more-link\" href=\"https:\/\/www.im-banne-der-sensoren.de\/?p=6973\"><span class=\"screen-reader-text\">&#8222;Bitte sch\u00f6n!&#8220;<\/span> weiterlesen<\/a><\/p>\n","protected":false},"author":1,"featured_media":0,"comment_status":"open","ping_status":"open","sticky":false,"template":"","format":"standard","meta":{"footnotes":""},"categories":[15,8,3,120,103],"tags":[],"class_list":["post-6973","post","type-post","status-publish","format-standard","hentry","category-ausen","category-licht","category-peter_p","category-rot-2","category-schatten","entry"],"_links":{"self":[{"href":"https:\/\/www.im-banne-der-sensoren.de\/index.php?rest_route=\/wp\/v2\/posts\/6973","targetHints":{"allow":["GET"]}}],"collection":[{"href":"https:\/\/www.im-banne-der-sensoren.de\/index.php?rest_route=\/wp\/v2\/posts"}],"about":[{"href":"https:\/\/www.im-banne-der-sensoren.de\/index.php?rest_route=\/wp\/v2\/types\/post"}],"author":[{"embeddable":true,"href":"https:\/\/www.im-banne-der-sensoren.de\/index.php?rest_route=\/wp\/v2\/users\/1"}],"replies":[{"embeddable":true,"href":"https:\/\/www.im-banne-der-sensoren.de\/index.php?rest_route=%2Fwp%2Fv2%2Fcomments&post=6973"}],"version-history":[{"count":2,"href":"https:\/\/www.im-banne-der-sensoren.de\/index.php?rest_route=\/wp\/v2\/posts\/6973\/revisions"}],"predecessor-version":[{"id":6976,"href":"https:\/\/www.im-banne-der-sensoren.de\/index.php?rest_route=\/wp\/v2\/posts\/6973\/revisions\/6976"}],"wp:attachment":[{"href":"https:\/\/www.im-banne-der-sensoren.de\/index.php?rest_route=%2Fwp%2Fv2%2Fmedia&parent=6973"}],"wp:term":[{"taxonomy":"category","embeddable":true,"href":"https:\/\/www.im-banne-der-sensoren.de\/index.php?rest_route=%2Fwp%2Fv2%2Fcategories&post=6973"},{"taxonomy":"post_tag","embeddable":true,"href":"https:\/\/www.im-banne-der-sensoren.de\/index.php?rest_route=%2Fwp%2Fv2%2Ftags&post=6973"}],"curies":[{"name":"wp","href":"https:\/\/api.w.org\/{rel}","templated":true}]}}