{"id":6838,"date":"2013-03-02T11:09:28","date_gmt":"2013-03-02T10:09:28","guid":{"rendered":"http:\/\/www.im-banne-der-sensoren.de\/?p=6838"},"modified":"2013-03-02T19:06:12","modified_gmt":"2013-03-02T18:06:12","slug":"sommerdiebe","status":"publish","type":"post","link":"https:\/\/www.im-banne-der-sensoren.de\/?p=6838","title":{"rendered":"Sommerdiebe"},"content":{"rendered":"<p><a href=\"http:\/\/www.im-banne-der-sensoren.de\/wp-content\/uploads\/2013\/03\/DSC00308-2.jpg\"><img loading=\"lazy\" decoding=\"async\" src=\"http:\/\/www.im-banne-der-sensoren.de\/wp-content\/uploads\/2013\/03\/DSC00308-2-500x333.jpg\" alt=\"\" title=\"nichtkaputtzukriegen\" width=\"500\" height=\"333\" class=\"alignnone size-medium wp-image-6839\" srcset=\"https:\/\/www.im-banne-der-sensoren.de\/wp-content\/uploads\/2013\/03\/DSC00308-2-500x333.jpg 500w, https:\/\/www.im-banne-der-sensoren.de\/wp-content\/uploads\/2013\/03\/DSC00308-2-900x599.jpg 900w, https:\/\/www.im-banne-der-sensoren.de\/wp-content\/uploads\/2013\/03\/DSC00308-2.jpg 950w\" sizes=\"auto, (max-width: 500px) 100vw, 500px\" \/><\/a><br \/>\nEs ist ja so: Pl\u00f6tzlich, dank des Carl Zeiss Vario-Sonnar T* 1,8-4,9\/10,4-37,1, sehe ich ganz neue M\u00f6glichkeiten, von denen ich bisher nur tr\u00e4umen konnte. So klappt es dann auch, im ersten Abendd\u00e4mmerlicht noch mit weit offener Blende aus freier Hand ein akzeptables Bild der \u00fcberwinternden Kr\u00e4uterreste zu machen, ohne frustriert zu sein. Hammer-Hammer-Hart! <em>So kann\u2019s erst mal weitergehen.<\/em><\/p>\n","protected":false},"excerpt":{"rendered":"<p>Es ist ja so: Pl\u00f6tzlich, dank des Carl Zeiss Vario-Sonnar T* 1,8-4,9\/10,4-37,1, sehe ich ganz neue M\u00f6glichkeiten, von denen ich bisher nur tr\u00e4umen konnte. So klappt es dann auch, im ersten Abendd\u00e4mmerlicht noch mit weit offener Blende aus freier Hand ein akzeptables Bild der \u00fcberwinternden Kr\u00e4uterreste zu machen, ohne frustriert zu sein. Hammer-Hammer-Hart! So kann\u2019s<a class=\"more-link\" href=\"https:\/\/www.im-banne-der-sensoren.de\/?p=6838\"><span class=\"screen-reader-text\">&#8222;Sommerdiebe&#8220;<\/span> weiterlesen<\/a><\/p>\n","protected":false},"author":1,"featured_media":0,"comment_status":"open","ping_status":"open","sticky":false,"template":"","format":"standard","meta":{"footnotes":""},"categories":[15,3,19],"tags":[],"class_list":["post-6838","post","type-post","status-publish","format-standard","hentry","category-ausen","category-peter_p","category-pflanze","entry"],"_links":{"self":[{"href":"https:\/\/www.im-banne-der-sensoren.de\/index.php?rest_route=\/wp\/v2\/posts\/6838","targetHints":{"allow":["GET"]}}],"collection":[{"href":"https:\/\/www.im-banne-der-sensoren.de\/index.php?rest_route=\/wp\/v2\/posts"}],"about":[{"href":"https:\/\/www.im-banne-der-sensoren.de\/index.php?rest_route=\/wp\/v2\/types\/post"}],"author":[{"embeddable":true,"href":"https:\/\/www.im-banne-der-sensoren.de\/index.php?rest_route=\/wp\/v2\/users\/1"}],"replies":[{"embeddable":true,"href":"https:\/\/www.im-banne-der-sensoren.de\/index.php?rest_route=%2Fwp%2Fv2%2Fcomments&post=6838"}],"version-history":[{"count":4,"href":"https:\/\/www.im-banne-der-sensoren.de\/index.php?rest_route=\/wp\/v2\/posts\/6838\/revisions"}],"predecessor-version":[{"id":6844,"href":"https:\/\/www.im-banne-der-sensoren.de\/index.php?rest_route=\/wp\/v2\/posts\/6838\/revisions\/6844"}],"wp:attachment":[{"href":"https:\/\/www.im-banne-der-sensoren.de\/index.php?rest_route=%2Fwp%2Fv2%2Fmedia&parent=6838"}],"wp:term":[{"taxonomy":"category","embeddable":true,"href":"https:\/\/www.im-banne-der-sensoren.de\/index.php?rest_route=%2Fwp%2Fv2%2Fcategories&post=6838"},{"taxonomy":"post_tag","embeddable":true,"href":"https:\/\/www.im-banne-der-sensoren.de\/index.php?rest_route=%2Fwp%2Fv2%2Ftags&post=6838"}],"curies":[{"name":"wp","href":"https:\/\/api.w.org\/{rel}","templated":true}]}}