{"id":6766,"date":"2013-02-22T07:42:49","date_gmt":"2013-02-22T06:42:49","guid":{"rendered":"http:\/\/www.im-banne-der-sensoren.de\/?p=6766"},"modified":"2013-02-22T07:47:03","modified_gmt":"2013-02-22T06:47:03","slug":"mensch-material","status":"publish","type":"post","link":"https:\/\/www.im-banne-der-sensoren.de\/?p=6766","title":{"rendered":"Mensch &#038; Material"},"content":{"rendered":"<p><a href=\"http:\/\/www.im-banne-der-sensoren.de\/wp-content\/uploads\/2013\/02\/SDIM2459.jpg\"><img loading=\"lazy\" decoding=\"async\" src=\"http:\/\/www.im-banne-der-sensoren.de\/wp-content\/uploads\/2013\/02\/SDIM2459-500x333.jpg\" alt=\"\" title=\"ja, schon etwas \u00e4lter, dieses bild\" width=\"500\" height=\"333\" class=\"alignnone size-medium wp-image-6767\" srcset=\"https:\/\/www.im-banne-der-sensoren.de\/wp-content\/uploads\/2013\/02\/SDIM2459-500x333.jpg 500w, https:\/\/www.im-banne-der-sensoren.de\/wp-content\/uploads\/2013\/02\/SDIM2459-900x600.jpg 900w, https:\/\/www.im-banne-der-sensoren.de\/wp-content\/uploads\/2013\/02\/SDIM2459.jpg 950w\" sizes=\"auto, (max-width: 500px) 100vw, 500px\" \/><\/a><br \/>\nWerter Herr Kollege \u2013 ich kann f\u00fcrs erste hier nur \u00e4ltere Motive posten. Denn <em>(und der Blog scheint mir der richtige Ort, es zu erw\u00e4hnen)<\/em> nicht nur meine kleine SIGMA ist mit ausgefahrenem Objektiv einfach verreckt \u2013 nein, auch die Ihre, mir freundlicherweise als Ersatz zur Verf\u00fcgung gestellt, hat dasselbe Schicksal ereilt. Nun aber wacker eine Anfrage an den SIGMA-Kundendienst gestellt; ich werde Ihre Kamera wohlverpackt und ebenso versichert dorthin expedieren lassen. Mal sehen, was die Fachleute sagen. <em>Falls nichts mehr geht: Haftpflicht, Alter!<\/em><\/p>\n","protected":false},"excerpt":{"rendered":"<p>Werter Herr Kollege \u2013 ich kann f\u00fcrs erste hier nur \u00e4ltere Motive posten. Denn (und der Blog scheint mir der richtige Ort, es zu erw\u00e4hnen) nicht nur meine kleine SIGMA ist mit ausgefahrenem Objektiv einfach verreckt \u2013 nein, auch die Ihre, mir freundlicherweise als Ersatz zur Verf\u00fcgung gestellt, hat dasselbe Schicksal ereilt. Nun aber wacker<a class=\"more-link\" href=\"https:\/\/www.im-banne-der-sensoren.de\/?p=6766\"><span class=\"screen-reader-text\">&#8222;Mensch &#038; Material&#8220;<\/span> weiterlesen<\/a><\/p>\n","protected":false},"author":1,"featured_media":0,"comment_status":"open","ping_status":"open","sticky":false,"template":"","format":"standard","meta":{"footnotes":""},"categories":[20,173],"tags":[],"class_list":["post-6766","post","type-post","status-publish","format-standard","hentry","category-innen","category-kunst","entry"],"_links":{"self":[{"href":"https:\/\/www.im-banne-der-sensoren.de\/index.php?rest_route=\/wp\/v2\/posts\/6766","targetHints":{"allow":["GET"]}}],"collection":[{"href":"https:\/\/www.im-banne-der-sensoren.de\/index.php?rest_route=\/wp\/v2\/posts"}],"about":[{"href":"https:\/\/www.im-banne-der-sensoren.de\/index.php?rest_route=\/wp\/v2\/types\/post"}],"author":[{"embeddable":true,"href":"https:\/\/www.im-banne-der-sensoren.de\/index.php?rest_route=\/wp\/v2\/users\/1"}],"replies":[{"embeddable":true,"href":"https:\/\/www.im-banne-der-sensoren.de\/index.php?rest_route=%2Fwp%2Fv2%2Fcomments&post=6766"}],"version-history":[{"count":4,"href":"https:\/\/www.im-banne-der-sensoren.de\/index.php?rest_route=\/wp\/v2\/posts\/6766\/revisions"}],"predecessor-version":[{"id":6771,"href":"https:\/\/www.im-banne-der-sensoren.de\/index.php?rest_route=\/wp\/v2\/posts\/6766\/revisions\/6771"}],"wp:attachment":[{"href":"https:\/\/www.im-banne-der-sensoren.de\/index.php?rest_route=%2Fwp%2Fv2%2Fmedia&parent=6766"}],"wp:term":[{"taxonomy":"category","embeddable":true,"href":"https:\/\/www.im-banne-der-sensoren.de\/index.php?rest_route=%2Fwp%2Fv2%2Fcategories&post=6766"},{"taxonomy":"post_tag","embeddable":true,"href":"https:\/\/www.im-banne-der-sensoren.de\/index.php?rest_route=%2Fwp%2Fv2%2Ftags&post=6766"}],"curies":[{"name":"wp","href":"https:\/\/api.w.org\/{rel}","templated":true}]}}