{"id":6402,"date":"2013-01-12T08:32:04","date_gmt":"2013-01-12T07:32:04","guid":{"rendered":"http:\/\/www.im-banne-der-sensoren.de\/?p=6402"},"modified":"2013-01-12T08:32:04","modified_gmt":"2013-01-12T07:32:04","slug":"jetzt-aber-los","status":"publish","type":"post","link":"https:\/\/www.im-banne-der-sensoren.de\/?p=6402","title":{"rendered":"Jetzt aber los!"},"content":{"rendered":"<p><a href=\"http:\/\/www.im-banne-der-sensoren.de\/wp-content\/uploads\/2013\/01\/SDIM5721.jpg\"><img loading=\"lazy\" decoding=\"async\" src=\"http:\/\/www.im-banne-der-sensoren.de\/wp-content\/uploads\/2013\/01\/SDIM5721-500x333.jpg\" alt=\"\" title=\"startschr\u00e4glage\" width=\"500\" height=\"333\" class=\"alignnone size-medium wp-image-6403\" srcset=\"https:\/\/www.im-banne-der-sensoren.de\/wp-content\/uploads\/2013\/01\/SDIM5721-500x333.jpg 500w, https:\/\/www.im-banne-der-sensoren.de\/wp-content\/uploads\/2013\/01\/SDIM5721-900x599.jpg 900w, https:\/\/www.im-banne-der-sensoren.de\/wp-content\/uploads\/2013\/01\/SDIM5721.jpg 950w\" sizes=\"auto, (max-width: 500px) 100vw, 500px\" \/><\/a><br \/>\nAuf geht\u2019s in die Landeshauptstadt eines s\u00fcddeutschen Fl\u00e4chenlandes. Wen ich da wohl alles treffen werde \u2026 Voller Unruhe und Vorfreude setze ich mich in meine Reisetasche, ziehe den Rei\u00dfverschluss \u00fcber mir zu, und warte still auf den Herrn vom Koffertransport. Ach, w\u00e4r ich doch schon da &#8230;<\/p>\n","protected":false},"excerpt":{"rendered":"<p>Auf geht\u2019s in die Landeshauptstadt eines s\u00fcddeutschen Fl\u00e4chenlandes. Wen ich da wohl alles treffen werde \u2026 Voller Unruhe und Vorfreude setze ich mich in meine Reisetasche, ziehe den Rei\u00dfverschluss \u00fcber mir zu, und warte still auf den Herrn vom Koffertransport. Ach, w\u00e4r ich doch schon da &#8230;<\/p>\n","protected":false},"author":1,"featured_media":0,"comment_status":"open","ping_status":"open","sticky":false,"template":"","format":"standard","meta":{"footnotes":""},"categories":[15,72,3,169,138],"tags":[],"class_list":["post-6402","post","type-post","status-publish","format-standard","hentry","category-ausen","category-grun","category-peter_p","category-stadt","category-strase","entry"],"_links":{"self":[{"href":"https:\/\/www.im-banne-der-sensoren.de\/index.php?rest_route=\/wp\/v2\/posts\/6402","targetHints":{"allow":["GET"]}}],"collection":[{"href":"https:\/\/www.im-banne-der-sensoren.de\/index.php?rest_route=\/wp\/v2\/posts"}],"about":[{"href":"https:\/\/www.im-banne-der-sensoren.de\/index.php?rest_route=\/wp\/v2\/types\/post"}],"author":[{"embeddable":true,"href":"https:\/\/www.im-banne-der-sensoren.de\/index.php?rest_route=\/wp\/v2\/users\/1"}],"replies":[{"embeddable":true,"href":"https:\/\/www.im-banne-der-sensoren.de\/index.php?rest_route=%2Fwp%2Fv2%2Fcomments&post=6402"}],"version-history":[{"count":1,"href":"https:\/\/www.im-banne-der-sensoren.de\/index.php?rest_route=\/wp\/v2\/posts\/6402\/revisions"}],"predecessor-version":[{"id":6404,"href":"https:\/\/www.im-banne-der-sensoren.de\/index.php?rest_route=\/wp\/v2\/posts\/6402\/revisions\/6404"}],"wp:attachment":[{"href":"https:\/\/www.im-banne-der-sensoren.de\/index.php?rest_route=%2Fwp%2Fv2%2Fmedia&parent=6402"}],"wp:term":[{"taxonomy":"category","embeddable":true,"href":"https:\/\/www.im-banne-der-sensoren.de\/index.php?rest_route=%2Fwp%2Fv2%2Fcategories&post=6402"},{"taxonomy":"post_tag","embeddable":true,"href":"https:\/\/www.im-banne-der-sensoren.de\/index.php?rest_route=%2Fwp%2Fv2%2Ftags&post=6402"}],"curies":[{"name":"wp","href":"https:\/\/api.w.org\/{rel}","templated":true}]}}