{"id":6113,"date":"2012-12-04T19:41:20","date_gmt":"2012-12-04T18:41:20","guid":{"rendered":"http:\/\/www.im-banne-der-sensoren.de\/?p=6113"},"modified":"2012-12-04T19:41:20","modified_gmt":"2012-12-04T18:41:20","slug":"maxvorstadt","status":"publish","type":"post","link":"https:\/\/www.im-banne-der-sensoren.de\/?p=6113","title":{"rendered":"Maxvorstadt"},"content":{"rendered":"<p><a href=\"http:\/\/www.im-banne-der-sensoren.de\/wp-content\/uploads\/2012\/12\/SDI0242.jpg\"><img loading=\"lazy\" decoding=\"async\" class=\"alignnone size-medium wp-image-6114\" title=\"_SDI0242\" src=\"http:\/\/www.im-banne-der-sensoren.de\/wp-content\/uploads\/2012\/12\/SDI0242-500x752.jpg\" alt=\"\" width=\"350\" height=\"526\" srcset=\"https:\/\/www.im-banne-der-sensoren.de\/wp-content\/uploads\/2012\/12\/SDI0242-500x752.jpg 500w, https:\/\/www.im-banne-der-sensoren.de\/wp-content\/uploads\/2012\/12\/SDI0242.jpg 598w\" sizes=\"auto, (max-width: 350px) 100vw, 350px\" \/><\/a><\/p>\n<p>In diesem Tr\u00f6delladen kam ich einmal mit dem Besitzer,<br \/>\neinem \u00d6sterreicher, ins Gespr\u00e4ch.<br \/>\nEr erz\u00e4hlte mir von den seiner Ansicht nach korrumpierten<br \/>\nAchtundsechzigern, die er in ihrer wilden Zeit erlebt habe, und<br \/>\nman m\u00f6ge schauen, wie angepasst die heute seien.<br \/>\nEr stand mit dem R\u00fccken zum Schaufenster, sodass nur ich sehen<br \/>\nkonnte, wie in diesem Moment Rainer Langhans, wie immer<br \/>\nganz in weiss gekleidet, auf einem Fahrrad die Augustenstra\u00dfe<br \/>\nentlang fuhr.<\/p>\n","protected":false},"excerpt":{"rendered":"<p>In diesem Tr\u00f6delladen kam ich einmal mit dem Besitzer, einem \u00d6sterreicher, ins Gespr\u00e4ch. Er erz\u00e4hlte mir von den seiner Ansicht nach korrumpierten Achtundsechzigern, die er in ihrer wilden Zeit erlebt habe, und man m\u00f6ge schauen, wie angepasst die heute seien. Er stand mit dem R\u00fccken zum Schaufenster, sodass nur ich sehen konnte, wie in diesem<a class=\"more-link\" href=\"https:\/\/www.im-banne-der-sensoren.de\/?p=6113\"><span class=\"screen-reader-text\">&#8222;Maxvorstadt&#8220;<\/span> weiterlesen<\/a><\/p>\n","protected":false},"author":3,"featured_media":0,"comment_status":"open","ping_status":"open","sticky":false,"template":"","format":"standard","meta":{"footnotes":""},"categories":[1,32,15,4,124,169,138],"tags":[],"class_list":["post-6113","post","type-post","status-publish","format-standard","hentry","category-allgemein","category-architektur","category-ausen","category-christoph","category-schwarzweis","category-stadt","category-strase","entry"],"_links":{"self":[{"href":"https:\/\/www.im-banne-der-sensoren.de\/index.php?rest_route=\/wp\/v2\/posts\/6113","targetHints":{"allow":["GET"]}}],"collection":[{"href":"https:\/\/www.im-banne-der-sensoren.de\/index.php?rest_route=\/wp\/v2\/posts"}],"about":[{"href":"https:\/\/www.im-banne-der-sensoren.de\/index.php?rest_route=\/wp\/v2\/types\/post"}],"author":[{"embeddable":true,"href":"https:\/\/www.im-banne-der-sensoren.de\/index.php?rest_route=\/wp\/v2\/users\/3"}],"replies":[{"embeddable":true,"href":"https:\/\/www.im-banne-der-sensoren.de\/index.php?rest_route=%2Fwp%2Fv2%2Fcomments&post=6113"}],"version-history":[{"count":2,"href":"https:\/\/www.im-banne-der-sensoren.de\/index.php?rest_route=\/wp\/v2\/posts\/6113\/revisions"}],"predecessor-version":[{"id":6116,"href":"https:\/\/www.im-banne-der-sensoren.de\/index.php?rest_route=\/wp\/v2\/posts\/6113\/revisions\/6116"}],"wp:attachment":[{"href":"https:\/\/www.im-banne-der-sensoren.de\/index.php?rest_route=%2Fwp%2Fv2%2Fmedia&parent=6113"}],"wp:term":[{"taxonomy":"category","embeddable":true,"href":"https:\/\/www.im-banne-der-sensoren.de\/index.php?rest_route=%2Fwp%2Fv2%2Fcategories&post=6113"},{"taxonomy":"post_tag","embeddable":true,"href":"https:\/\/www.im-banne-der-sensoren.de\/index.php?rest_route=%2Fwp%2Fv2%2Ftags&post=6113"}],"curies":[{"name":"wp","href":"https:\/\/api.w.org\/{rel}","templated":true}]}}