{"id":5918,"date":"2012-11-06T22:51:43","date_gmt":"2012-11-06T21:51:43","guid":{"rendered":"http:\/\/www.im-banne-der-sensoren.de\/?p=5918"},"modified":"2012-11-06T23:04:25","modified_gmt":"2012-11-06T22:04:25","slug":"ich-nenne-es-arbeit","status":"publish","type":"post","link":"https:\/\/www.im-banne-der-sensoren.de\/?p=5918","title":{"rendered":"Ich nenne es Arbeit"},"content":{"rendered":"<p><a href=\"http:\/\/www.im-banne-der-sensoren.de\/wp-content\/uploads\/2012\/11\/DSC05080_Brushes.jpg\"><img loading=\"lazy\" decoding=\"async\" class=\"alignnone size-medium wp-image-5919\" title=\"DSC05080_Brushes\" src=\"http:\/\/www.im-banne-der-sensoren.de\/wp-content\/uploads\/2012\/11\/DSC05080_Brushes-500x332.jpg\" alt=\"\" width=\"500\" height=\"332\" srcset=\"https:\/\/www.im-banne-der-sensoren.de\/wp-content\/uploads\/2012\/11\/DSC05080_Brushes-500x332.jpg 500w, https:\/\/www.im-banne-der-sensoren.de\/wp-content\/uploads\/2012\/11\/DSC05080_Brushes.jpg 900w\" sizes=\"auto, (max-width: 500px) 100vw, 500px\" \/><\/a><\/p>\n<p>Diese Pinselstriche habe ich digitalisiert und als gestische Animationsversatzst\u00fccke in einem Erkl\u00e4rst\u00fcck f\u00fcr das Schulfernsehen zum Thema Kinderrechte verwendet.<\/p>\n","protected":false},"excerpt":{"rendered":"<p>Diese Pinselstriche habe ich digitalisiert und als gestische Animationsversatzst\u00fccke in einem Erkl\u00e4rst\u00fcck f\u00fcr das Schulfernsehen zum Thema Kinderrechte verwendet.<\/p>\n","protected":false},"author":3,"featured_media":0,"comment_status":"open","ping_status":"open","sticky":false,"template":"","format":"standard","meta":{"footnotes":""},"categories":[1],"tags":[],"class_list":["post-5918","post","type-post","status-publish","format-standard","hentry","category-allgemein","entry"],"_links":{"self":[{"href":"https:\/\/www.im-banne-der-sensoren.de\/index.php?rest_route=\/wp\/v2\/posts\/5918","targetHints":{"allow":["GET"]}}],"collection":[{"href":"https:\/\/www.im-banne-der-sensoren.de\/index.php?rest_route=\/wp\/v2\/posts"}],"about":[{"href":"https:\/\/www.im-banne-der-sensoren.de\/index.php?rest_route=\/wp\/v2\/types\/post"}],"author":[{"embeddable":true,"href":"https:\/\/www.im-banne-der-sensoren.de\/index.php?rest_route=\/wp\/v2\/users\/3"}],"replies":[{"embeddable":true,"href":"https:\/\/www.im-banne-der-sensoren.de\/index.php?rest_route=%2Fwp%2Fv2%2Fcomments&post=5918"}],"version-history":[{"count":3,"href":"https:\/\/www.im-banne-der-sensoren.de\/index.php?rest_route=\/wp\/v2\/posts\/5918\/revisions"}],"predecessor-version":[{"id":5922,"href":"https:\/\/www.im-banne-der-sensoren.de\/index.php?rest_route=\/wp\/v2\/posts\/5918\/revisions\/5922"}],"wp:attachment":[{"href":"https:\/\/www.im-banne-der-sensoren.de\/index.php?rest_route=%2Fwp%2Fv2%2Fmedia&parent=5918"}],"wp:term":[{"taxonomy":"category","embeddable":true,"href":"https:\/\/www.im-banne-der-sensoren.de\/index.php?rest_route=%2Fwp%2Fv2%2Fcategories&post=5918"},{"taxonomy":"post_tag","embeddable":true,"href":"https:\/\/www.im-banne-der-sensoren.de\/index.php?rest_route=%2Fwp%2Fv2%2Ftags&post=5918"}],"curies":[{"name":"wp","href":"https:\/\/api.w.org\/{rel}","templated":true}]}}