{"id":5895,"date":"2012-11-04T19:17:25","date_gmt":"2012-11-04T18:17:25","guid":{"rendered":"http:\/\/www.im-banne-der-sensoren.de\/?p=5895"},"modified":"2012-11-04T19:17:47","modified_gmt":"2012-11-04T18:17:47","slug":"auslage","status":"publish","type":"post","link":"https:\/\/www.im-banne-der-sensoren.de\/?p=5895","title":{"rendered":"Auslage"},"content":{"rendered":"<p><a href=\"http:\/\/www.im-banne-der-sensoren.de\/wp-content\/uploads\/2012\/11\/Papstkerzen.jpg\"><img loading=\"lazy\" decoding=\"async\" class=\"alignnone size-medium wp-image-5896\" title=\"Papstkerzen\" src=\"http:\/\/www.im-banne-der-sensoren.de\/wp-content\/uploads\/2012\/11\/Papstkerzen-500x332.jpg\" alt=\"\" width=\"500\" height=\"332\" srcset=\"https:\/\/www.im-banne-der-sensoren.de\/wp-content\/uploads\/2012\/11\/Papstkerzen-500x332.jpg 500w, https:\/\/www.im-banne-der-sensoren.de\/wp-content\/uploads\/2012\/11\/Papstkerzen.jpg 900w\" sizes=\"auto, (max-width: 500px) 100vw, 500px\" \/><\/a><\/p>\n<p>Wir begr\u00fc\u00dfen wieder einmal gerne Frau Meder mit einem ber\u00fcckenden Gastbeitrag, fotografiert in der Primizkirche St. Oswald in Traunstein. Besten Dank.<\/p>\n","protected":false},"excerpt":{"rendered":"<p>Wir begr\u00fc\u00dfen wieder einmal gerne Frau Meder mit einem ber\u00fcckenden Gastbeitrag, fotografiert in der Primizkirche St. Oswald in Traunstein. Besten Dank.<\/p>\n","protected":false},"author":3,"featured_media":0,"comment_status":"open","ping_status":"open","sticky":false,"template":"","format":"standard","meta":{"footnotes":""},"categories":[1],"tags":[],"class_list":["post-5895","post","type-post","status-publish","format-standard","hentry","category-allgemein","entry"],"_links":{"self":[{"href":"https:\/\/www.im-banne-der-sensoren.de\/index.php?rest_route=\/wp\/v2\/posts\/5895","targetHints":{"allow":["GET"]}}],"collection":[{"href":"https:\/\/www.im-banne-der-sensoren.de\/index.php?rest_route=\/wp\/v2\/posts"}],"about":[{"href":"https:\/\/www.im-banne-der-sensoren.de\/index.php?rest_route=\/wp\/v2\/types\/post"}],"author":[{"embeddable":true,"href":"https:\/\/www.im-banne-der-sensoren.de\/index.php?rest_route=\/wp\/v2\/users\/3"}],"replies":[{"embeddable":true,"href":"https:\/\/www.im-banne-der-sensoren.de\/index.php?rest_route=%2Fwp%2Fv2%2Fcomments&post=5895"}],"version-history":[{"count":2,"href":"https:\/\/www.im-banne-der-sensoren.de\/index.php?rest_route=\/wp\/v2\/posts\/5895\/revisions"}],"predecessor-version":[{"id":5898,"href":"https:\/\/www.im-banne-der-sensoren.de\/index.php?rest_route=\/wp\/v2\/posts\/5895\/revisions\/5898"}],"wp:attachment":[{"href":"https:\/\/www.im-banne-der-sensoren.de\/index.php?rest_route=%2Fwp%2Fv2%2Fmedia&parent=5895"}],"wp:term":[{"taxonomy":"category","embeddable":true,"href":"https:\/\/www.im-banne-der-sensoren.de\/index.php?rest_route=%2Fwp%2Fv2%2Fcategories&post=5895"},{"taxonomy":"post_tag","embeddable":true,"href":"https:\/\/www.im-banne-der-sensoren.de\/index.php?rest_route=%2Fwp%2Fv2%2Ftags&post=5895"}],"curies":[{"name":"wp","href":"https:\/\/api.w.org\/{rel}","templated":true}]}}