{"id":569,"date":"2011-04-13T07:30:22","date_gmt":"2011-04-13T05:30:22","guid":{"rendered":"http:\/\/www.im-banne-der-sensoren.de\/?p=569"},"modified":"2011-04-13T07:33:11","modified_gmt":"2011-04-13T05:33:11","slug":"malerisch","status":"publish","type":"post","link":"https:\/\/www.im-banne-der-sensoren.de\/?p=569","title":{"rendered":"Malerisch"},"content":{"rendered":"<p><a href=\"http:\/\/www.im-banne-der-sensoren.de\/wp-content\/uploads\/2011\/04\/SDIM1262_malerisch.jpg\"><img decoding=\"async\" class=\"alignnone size-medium wp-image-198\u201c title=\"malerisch\" src=\"http:\/\/www.im-banne-der-sensoren.de\/wp-content\/uploads\/2011\/04\/SDIM1262_malerisch.jpg\" alt=\"\" width=\"950\" height=\"\u201e633&quot;\" \/><\/a><\/p>\n<p>Es gibt Motive, die sind auf 950 pixel nicht zu greifen. Solche marmeladig ineinanderlaufende Lichtdingsbumse zum Beispiel, das macht irgendwie wenig Sinn. Die sollte man besser gurskyhaft auf 4 Meter Breite aufblasen, damit alles sichtbar wird: Kleinste Restzeichnungen der Baumwipfel, Lichtspiegelungen im scheinbaren Nichts, den sch\u00f6nen Kontrast der offenen Dunkelheit gegen die matt erleuchtete Stra\u00dfe &#8230; viel w\u00e4re das zu erw\u00e4hnen, ich schweig still &#8230;<\/p>\n<p><a href=\"http:\/\/www.im-banne-der-sensoren.de\/wp-content\/uploads\/2011\/04\/SDIM1262_malerisch_detail.jpg\"><img decoding=\"async\" class=\"alignnone size-medium wp-image-198\u201c title=\u201emalerisch detail\" src=\"http:\/\/www.im-banne-der-sensoren.de\/wp-content\/uploads\/2011\/04\/SDIM1262_malerisch_detail.jpg\" alt=\"\" width=\"950\" height=\"\u201e633&quot;\" \/><\/a><\/p>\n<p>&#8230; und zeig stattdessen nochmal ein Detail in 100%. Ach, irgendwie passen JPG und Internet nicht gut zu Zartheit und Indifferenz &#8230; hingegen die M\u00f6glichkeiten der DP1 f\u00fcr solche Zufallstreffer sind hier gut sichtbar. Ein ganz sch\u00f6nes Abbildungsspektrum zeigt die kleine feine lahmarschige Kamera. Over and out.<\/p>\n","protected":false},"excerpt":{"rendered":"","protected":false},"author":1,"featured_media":0,"comment_status":"open","ping_status":"open","sticky":false,"template":"","format":"standard","meta":{"footnotes":""},"categories":[15,51,44,3],"tags":[77],"class_list":["post-569","post","type-post","status-publish","format-standard","hentry","category-ausen","category-langzeitbelichtung","category-nacht","category-peter_p","tag-auto","entry"],"_links":{"self":[{"href":"https:\/\/www.im-banne-der-sensoren.de\/index.php?rest_route=\/wp\/v2\/posts\/569","targetHints":{"allow":["GET"]}}],"collection":[{"href":"https:\/\/www.im-banne-der-sensoren.de\/index.php?rest_route=\/wp\/v2\/posts"}],"about":[{"href":"https:\/\/www.im-banne-der-sensoren.de\/index.php?rest_route=\/wp\/v2\/types\/post"}],"author":[{"embeddable":true,"href":"https:\/\/www.im-banne-der-sensoren.de\/index.php?rest_route=\/wp\/v2\/users\/1"}],"replies":[{"embeddable":true,"href":"https:\/\/www.im-banne-der-sensoren.de\/index.php?rest_route=%2Fwp%2Fv2%2Fcomments&post=569"}],"version-history":[{"count":3,"href":"https:\/\/www.im-banne-der-sensoren.de\/index.php?rest_route=\/wp\/v2\/posts\/569\/revisions"}],"predecessor-version":[{"id":571,"href":"https:\/\/www.im-banne-der-sensoren.de\/index.php?rest_route=\/wp\/v2\/posts\/569\/revisions\/571"}],"wp:attachment":[{"href":"https:\/\/www.im-banne-der-sensoren.de\/index.php?rest_route=%2Fwp%2Fv2%2Fmedia&parent=569"}],"wp:term":[{"taxonomy":"category","embeddable":true,"href":"https:\/\/www.im-banne-der-sensoren.de\/index.php?rest_route=%2Fwp%2Fv2%2Fcategories&post=569"},{"taxonomy":"post_tag","embeddable":true,"href":"https:\/\/www.im-banne-der-sensoren.de\/index.php?rest_route=%2Fwp%2Fv2%2Ftags&post=569"}],"curies":[{"name":"wp","href":"https:\/\/api.w.org\/{rel}","templated":true}]}}