{"id":5676,"date":"2012-10-07T09:04:28","date_gmt":"2012-10-07T07:04:28","guid":{"rendered":"http:\/\/www.im-banne-der-sensoren.de\/?p=5676"},"modified":"2012-10-07T09:04:28","modified_gmt":"2012-10-07T07:04:28","slug":"ende-einer-guten-geschichte","status":"publish","type":"post","link":"https:\/\/www.im-banne-der-sensoren.de\/?p=5676","title":{"rendered":"Ende einer guten Geschichte"},"content":{"rendered":"<p><a href=\"http:\/\/www.im-banne-der-sensoren.de\/wp-content\/uploads\/2012\/10\/SDIM5099.jpg\"><img loading=\"lazy\" decoding=\"async\" src=\"http:\/\/www.im-banne-der-sensoren.de\/wp-content\/uploads\/2012\/10\/SDIM5099-500x333.jpg\" alt=\"\" title=\"wait a minute, mr. postman\" width=\"500\" height=\"333\" class=\"alignnone size-medium wp-image-5677\" srcset=\"https:\/\/www.im-banne-der-sensoren.de\/wp-content\/uploads\/2012\/10\/SDIM5099-500x333.jpg 500w, https:\/\/www.im-banne-der-sensoren.de\/wp-content\/uploads\/2012\/10\/SDIM5099-900x599.jpg 900w, https:\/\/www.im-banne-der-sensoren.de\/wp-content\/uploads\/2012\/10\/SDIM5099.jpg 950w\" sizes=\"auto, (max-width: 500px) 100vw, 500px\" \/><\/a><br \/>\nFr\u00fcher, als das Blaumachen noch eine pubert\u00e4re Nebenbesch\u00e4ftigung war, gingen wir w\u00e4hrend der uninteressanten Schulstunden ins \u00bbCaf\u00e9 R\u00f6ssler\u00ab. Es handelte sich hierbei um ein Caf\u00e9-Caf\u00e9 \u2013 eines also, dass als Prototyp all jener Caf\u00e9s gelten konnte, in denen Omas und Tanten stets dicke Sahnetorten verspeisten, den ber\u00fchmten \u00bbKaffee verkehrt\u00ab tranken und bei all dem ihre H\u00fcte nicht vom Kopf geschraubt bekamen. Seit neulich ist das traditionsreiche Caf\u00e9 in der Innenstadt geschlossen. Wohl f\u00fcr immer, wie man mittlerweile erfahren kann aus nebenbei belauschten Gespr\u00e4chen. Dem Postboten hat nat\u00fcrlich mal wieder niemand Bescheid gesagt.<\/p>\n","protected":false},"excerpt":{"rendered":"<p>Fr\u00fcher, als das Blaumachen noch eine pubert\u00e4re Nebenbesch\u00e4ftigung war, gingen wir w\u00e4hrend der uninteressanten Schulstunden ins \u00bbCaf\u00e9 R\u00f6ssler\u00ab. Es handelte sich hierbei um ein Caf\u00e9-Caf\u00e9 \u2013 eines also, dass als Prototyp all jener Caf\u00e9s gelten konnte, in denen Omas und Tanten stets dicke Sahnetorten verspeisten, den ber\u00fchmten \u00bbKaffee verkehrt\u00ab tranken und bei all dem ihre<a class=\"more-link\" href=\"https:\/\/www.im-banne-der-sensoren.de\/?p=5676\"><span class=\"screen-reader-text\">&#8222;Ende einer guten Geschichte&#8220;<\/span> weiterlesen<\/a><\/p>\n","protected":false},"author":1,"featured_media":0,"comment_status":"open","ping_status":"open","sticky":false,"template":"","format":"standard","meta":{"footnotes":""},"categories":[1],"tags":[],"class_list":["post-5676","post","type-post","status-publish","format-standard","hentry","category-allgemein","entry"],"_links":{"self":[{"href":"https:\/\/www.im-banne-der-sensoren.de\/index.php?rest_route=\/wp\/v2\/posts\/5676","targetHints":{"allow":["GET"]}}],"collection":[{"href":"https:\/\/www.im-banne-der-sensoren.de\/index.php?rest_route=\/wp\/v2\/posts"}],"about":[{"href":"https:\/\/www.im-banne-der-sensoren.de\/index.php?rest_route=\/wp\/v2\/types\/post"}],"author":[{"embeddable":true,"href":"https:\/\/www.im-banne-der-sensoren.de\/index.php?rest_route=\/wp\/v2\/users\/1"}],"replies":[{"embeddable":true,"href":"https:\/\/www.im-banne-der-sensoren.de\/index.php?rest_route=%2Fwp%2Fv2%2Fcomments&post=5676"}],"version-history":[{"count":3,"href":"https:\/\/www.im-banne-der-sensoren.de\/index.php?rest_route=\/wp\/v2\/posts\/5676\/revisions"}],"predecessor-version":[{"id":5681,"href":"https:\/\/www.im-banne-der-sensoren.de\/index.php?rest_route=\/wp\/v2\/posts\/5676\/revisions\/5681"}],"wp:attachment":[{"href":"https:\/\/www.im-banne-der-sensoren.de\/index.php?rest_route=%2Fwp%2Fv2%2Fmedia&parent=5676"}],"wp:term":[{"taxonomy":"category","embeddable":true,"href":"https:\/\/www.im-banne-der-sensoren.de\/index.php?rest_route=%2Fwp%2Fv2%2Fcategories&post=5676"},{"taxonomy":"post_tag","embeddable":true,"href":"https:\/\/www.im-banne-der-sensoren.de\/index.php?rest_route=%2Fwp%2Fv2%2Ftags&post=5676"}],"curies":[{"name":"wp","href":"https:\/\/api.w.org\/{rel}","templated":true}]}}