{"id":5658,"date":"2012-10-06T21:24:37","date_gmt":"2012-10-06T19:24:37","guid":{"rendered":"http:\/\/www.im-banne-der-sensoren.de\/?p=5658"},"modified":"2012-10-07T01:27:20","modified_gmt":"2012-10-06T23:27:20","slug":"sprich-erinnerung-2","status":"publish","type":"post","link":"https:\/\/www.im-banne-der-sensoren.de\/?p=5658","title":{"rendered":"Sprich, Erinnerung!"},"content":{"rendered":"<p><a href=\"http:\/\/www.im-banne-der-sensoren.de\/wp-content\/uploads\/2012\/10\/R0014498_Zweireiher.jpg\"><img loading=\"lazy\" decoding=\"async\" class=\"alignnone size-medium wp-image-5659\" title=\"R0014498_Zweireiher\" src=\"http:\/\/www.im-banne-der-sensoren.de\/wp-content\/uploads\/2012\/10\/R0014498_Zweireiher-500x332.jpg\" alt=\"\" width=\"500\" height=\"332\" srcset=\"https:\/\/www.im-banne-der-sensoren.de\/wp-content\/uploads\/2012\/10\/R0014498_Zweireiher-500x332.jpg 500w, https:\/\/www.im-banne-der-sensoren.de\/wp-content\/uploads\/2012\/10\/R0014498_Zweireiher.jpg 900w\" sizes=\"auto, (max-width: 500px) 100vw, 500px\" \/><\/a><\/p>\n<p>Dazu trug ich eine kurze weisse Hose, weisse Str\u00fcmpfe und Sandalen.<br \/>\nMein damals \u00e4hnlich gewandeter Bruder und ich haben neulich ein sonntagnachmittag gemachtes <a href=\"http:\/\/www.im-banne-der-sensoren.de\/wp-content\/uploads\/2012\/10\/Eierdieb11.jpg\">Ausflugsfoto<\/a>, auf dem ich dieses Jackst\u00fcck trage, nachgestellt: wir <a href=\"http:\/\/www.im-banne-der-sensoren.de\/wp-content\/uploads\/2012\/10\/Eierdieb2.jpg\">zwei<\/a> auf dem <a href=\"http:\/\/www.neuss.de\/kultur\/museen-und-kunst\/skulpturen-im-oeffentlichen-raum\/big1873.jpg\/view\">Eierdieb<\/a>, einer im Neusser Stadtgarten<br \/>\naufgestellten Plastik.<\/p>\n<p>&nbsp;<\/p>\n<p>&nbsp;<\/p>\n","protected":false},"excerpt":{"rendered":"<p>Dazu trug ich eine kurze weisse Hose, weisse Str\u00fcmpfe und Sandalen. Mein damals \u00e4hnlich gewandeter Bruder und ich haben neulich ein sonntagnachmittag gemachtes Ausflugsfoto, auf dem ich dieses Jackst\u00fcck trage, nachgestellt: wir zwei auf dem Eierdieb, einer im Neusser Stadtgarten aufgestellten Plastik. &nbsp; &nbsp;<\/p>\n","protected":false},"author":3,"featured_media":0,"comment_status":"open","ping_status":"open","sticky":false,"template":"","format":"standard","meta":{"footnotes":""},"categories":[1,15,24,4,134,72],"tags":[],"class_list":["post-5658","post","type-post","status-publish","format-standard","hentry","category-allgemein","category-ausen","category-blau-2","category-christoph","category-fremdsensor","category-grun","entry"],"_links":{"self":[{"href":"https:\/\/www.im-banne-der-sensoren.de\/index.php?rest_route=\/wp\/v2\/posts\/5658","targetHints":{"allow":["GET"]}}],"collection":[{"href":"https:\/\/www.im-banne-der-sensoren.de\/index.php?rest_route=\/wp\/v2\/posts"}],"about":[{"href":"https:\/\/www.im-banne-der-sensoren.de\/index.php?rest_route=\/wp\/v2\/types\/post"}],"author":[{"embeddable":true,"href":"https:\/\/www.im-banne-der-sensoren.de\/index.php?rest_route=\/wp\/v2\/users\/3"}],"replies":[{"embeddable":true,"href":"https:\/\/www.im-banne-der-sensoren.de\/index.php?rest_route=%2Fwp%2Fv2%2Fcomments&post=5658"}],"version-history":[{"count":12,"href":"https:\/\/www.im-banne-der-sensoren.de\/index.php?rest_route=\/wp\/v2\/posts\/5658\/revisions"}],"predecessor-version":[{"id":5675,"href":"https:\/\/www.im-banne-der-sensoren.de\/index.php?rest_route=\/wp\/v2\/posts\/5658\/revisions\/5675"}],"wp:attachment":[{"href":"https:\/\/www.im-banne-der-sensoren.de\/index.php?rest_route=%2Fwp%2Fv2%2Fmedia&parent=5658"}],"wp:term":[{"taxonomy":"category","embeddable":true,"href":"https:\/\/www.im-banne-der-sensoren.de\/index.php?rest_route=%2Fwp%2Fv2%2Fcategories&post=5658"},{"taxonomy":"post_tag","embeddable":true,"href":"https:\/\/www.im-banne-der-sensoren.de\/index.php?rest_route=%2Fwp%2Fv2%2Ftags&post=5658"}],"curies":[{"name":"wp","href":"https:\/\/api.w.org\/{rel}","templated":true}]}}