{"id":5606,"date":"2012-10-02T07:09:53","date_gmt":"2012-10-02T05:09:53","guid":{"rendered":"http:\/\/www.im-banne-der-sensoren.de\/?p=5606"},"modified":"2012-10-02T07:10:51","modified_gmt":"2012-10-02T05:10:51","slug":"aus-der-mitte-entspringt-ein-kunstler","status":"publish","type":"post","link":"https:\/\/www.im-banne-der-sensoren.de\/?p=5606","title":{"rendered":"Aus der Mitte entspringt ein K\u00fcnstler"},"content":{"rendered":"<p><a href=\"http:\/\/www.im-banne-der-sensoren.de\/wp-content\/uploads\/2012\/10\/SDIM5173.jpg\"><img loading=\"lazy\" decoding=\"async\" src=\"http:\/\/www.im-banne-der-sensoren.de\/wp-content\/uploads\/2012\/10\/SDIM5173-500x333.jpg\" alt=\"\" title=\"saxa\" width=\"500\" height=\"333\" class=\"alignnone size-medium wp-image-5607\" srcset=\"https:\/\/www.im-banne-der-sensoren.de\/wp-content\/uploads\/2012\/10\/SDIM5173-500x333.jpg 500w, https:\/\/www.im-banne-der-sensoren.de\/wp-content\/uploads\/2012\/10\/SDIM5173-900x599.jpg 900w, https:\/\/www.im-banne-der-sensoren.de\/wp-content\/uploads\/2012\/10\/SDIM5173.jpg 950w\" sizes=\"auto, (max-width: 500px) 100vw, 500px\" \/><\/a><br \/>\nGalerie Sassen, letzter Abend vor Schlie\u00dfung der K\u00f6lner Filiale, der K\u00fcnstler beendet die soeben stattgefunden habende Vernissage mit einer dichten Lesung vor Freunden und Bekannten.<\/p>\n","protected":false},"excerpt":{"rendered":"<p>Galerie Sassen, letzter Abend vor Schlie\u00dfung der K\u00f6lner Filiale, der K\u00fcnstler beendet die soeben stattgefunden habende Vernissage mit einer dichten Lesung vor Freunden und Bekannten.<\/p>\n","protected":false},"author":1,"featured_media":0,"comment_status":"open","ping_status":"open","sticky":false,"template":"","format":"standard","meta":{"footnotes":""},"categories":[20,173,51,3],"tags":[],"class_list":["post-5606","post","type-post","status-publish","format-standard","hentry","category-innen","category-kunst","category-langzeitbelichtung","category-peter_p","entry"],"_links":{"self":[{"href":"https:\/\/www.im-banne-der-sensoren.de\/index.php?rest_route=\/wp\/v2\/posts\/5606","targetHints":{"allow":["GET"]}}],"collection":[{"href":"https:\/\/www.im-banne-der-sensoren.de\/index.php?rest_route=\/wp\/v2\/posts"}],"about":[{"href":"https:\/\/www.im-banne-der-sensoren.de\/index.php?rest_route=\/wp\/v2\/types\/post"}],"author":[{"embeddable":true,"href":"https:\/\/www.im-banne-der-sensoren.de\/index.php?rest_route=\/wp\/v2\/users\/1"}],"replies":[{"embeddable":true,"href":"https:\/\/www.im-banne-der-sensoren.de\/index.php?rest_route=%2Fwp%2Fv2%2Fcomments&post=5606"}],"version-history":[{"count":3,"href":"https:\/\/www.im-banne-der-sensoren.de\/index.php?rest_route=\/wp\/v2\/posts\/5606\/revisions"}],"predecessor-version":[{"id":5610,"href":"https:\/\/www.im-banne-der-sensoren.de\/index.php?rest_route=\/wp\/v2\/posts\/5606\/revisions\/5610"}],"wp:attachment":[{"href":"https:\/\/www.im-banne-der-sensoren.de\/index.php?rest_route=%2Fwp%2Fv2%2Fmedia&parent=5606"}],"wp:term":[{"taxonomy":"category","embeddable":true,"href":"https:\/\/www.im-banne-der-sensoren.de\/index.php?rest_route=%2Fwp%2Fv2%2Fcategories&post=5606"},{"taxonomy":"post_tag","embeddable":true,"href":"https:\/\/www.im-banne-der-sensoren.de\/index.php?rest_route=%2Fwp%2Fv2%2Ftags&post=5606"}],"curies":[{"name":"wp","href":"https:\/\/api.w.org\/{rel}","templated":true}]}}