{"id":5552,"date":"2012-09-26T20:49:07","date_gmt":"2012-09-26T18:49:07","guid":{"rendered":"http:\/\/www.im-banne-der-sensoren.de\/?p=5552"},"modified":"2012-09-27T09:46:41","modified_gmt":"2012-09-27T07:46:41","slug":"zweimal-huhn","status":"publish","type":"post","link":"https:\/\/www.im-banne-der-sensoren.de\/?p=5552","title":{"rendered":"Zweimal Huhn"},"content":{"rendered":"<p><a href=\"http:\/\/www.im-banne-der-sensoren.de\/wp-content\/uploads\/2012\/09\/R0014446_Gefluegel.jpg\"><img loading=\"lazy\" decoding=\"async\" class=\"alignnone size-medium wp-image-5553\" title=\"R0014446_Gefluegel\" src=\"http:\/\/www.im-banne-der-sensoren.de\/wp-content\/uploads\/2012\/09\/R0014446_Gefluegel-500x332.jpg\" alt=\"\" width=\"500\" height=\"332\" srcset=\"https:\/\/www.im-banne-der-sensoren.de\/wp-content\/uploads\/2012\/09\/R0014446_Gefluegel-500x332.jpg 500w, https:\/\/www.im-banne-der-sensoren.de\/wp-content\/uploads\/2012\/09\/R0014446_Gefluegel.jpg 900w\" sizes=\"auto, (max-width: 500px) 100vw, 500px\" \/><\/a><\/p>\n<p>Am Ende des Gartens meiner Eltern leben einige H\u00fchner. Geschlachtet werden sie nicht. Sie sind gesch\u00fctzt vor Greifv\u00f6geln und Mardern. Wohnen tuen sie zur Miete und bezahlen mit sehr wohlschmeckenden Fr\u00fchst\u00fcckseiern, wie ich neulich wieder erleben konnte.<\/p>\n","protected":false},"excerpt":{"rendered":"<p>Am Ende des Gartens meiner Eltern leben einige H\u00fchner. Geschlachtet werden sie nicht. Sie sind gesch\u00fctzt vor Greifv\u00f6geln und Mardern. Wohnen tuen sie zur Miete und bezahlen mit sehr wohlschmeckenden Fr\u00fchst\u00fcckseiern, wie ich neulich wieder erleben konnte.<\/p>\n","protected":false},"author":3,"featured_media":0,"comment_status":"open","ping_status":"open","sticky":false,"template":"","format":"standard","meta":{"footnotes":""},"categories":[1,15,4,134,112],"tags":[],"class_list":["post-5552","post","type-post","status-publish","format-standard","hentry","category-allgemein","category-ausen","category-christoph","category-fremdsensor","category-tiere","entry"],"_links":{"self":[{"href":"https:\/\/www.im-banne-der-sensoren.de\/index.php?rest_route=\/wp\/v2\/posts\/5552","targetHints":{"allow":["GET"]}}],"collection":[{"href":"https:\/\/www.im-banne-der-sensoren.de\/index.php?rest_route=\/wp\/v2\/posts"}],"about":[{"href":"https:\/\/www.im-banne-der-sensoren.de\/index.php?rest_route=\/wp\/v2\/types\/post"}],"author":[{"embeddable":true,"href":"https:\/\/www.im-banne-der-sensoren.de\/index.php?rest_route=\/wp\/v2\/users\/3"}],"replies":[{"embeddable":true,"href":"https:\/\/www.im-banne-der-sensoren.de\/index.php?rest_route=%2Fwp%2Fv2%2Fcomments&post=5552"}],"version-history":[{"count":6,"href":"https:\/\/www.im-banne-der-sensoren.de\/index.php?rest_route=\/wp\/v2\/posts\/5552\/revisions"}],"predecessor-version":[{"id":5565,"href":"https:\/\/www.im-banne-der-sensoren.de\/index.php?rest_route=\/wp\/v2\/posts\/5552\/revisions\/5565"}],"wp:attachment":[{"href":"https:\/\/www.im-banne-der-sensoren.de\/index.php?rest_route=%2Fwp%2Fv2%2Fmedia&parent=5552"}],"wp:term":[{"taxonomy":"category","embeddable":true,"href":"https:\/\/www.im-banne-der-sensoren.de\/index.php?rest_route=%2Fwp%2Fv2%2Fcategories&post=5552"},{"taxonomy":"post_tag","embeddable":true,"href":"https:\/\/www.im-banne-der-sensoren.de\/index.php?rest_route=%2Fwp%2Fv2%2Ftags&post=5552"}],"curies":[{"name":"wp","href":"https:\/\/api.w.org\/{rel}","templated":true}]}}