{"id":5548,"date":"2012-09-26T07:27:24","date_gmt":"2012-09-26T05:27:24","guid":{"rendered":"http:\/\/www.im-banne-der-sensoren.de\/?p=5548"},"modified":"2012-09-26T07:27:47","modified_gmt":"2012-09-26T05:27:47","slug":"wo-die-autos-wohnen-17","status":"publish","type":"post","link":"https:\/\/www.im-banne-der-sensoren.de\/?p=5548","title":{"rendered":"Wo die Autos wohnen 17"},"content":{"rendered":"<p><a href=\"http:\/\/www.im-banne-der-sensoren.de\/wp-content\/uploads\/2012\/09\/SDIM5101.jpg\"><img loading=\"lazy\" decoding=\"async\" src=\"http:\/\/www.im-banne-der-sensoren.de\/wp-content\/uploads\/2012\/09\/SDIM5101-500x333.jpg\" alt=\"\" title=\"garage\" width=\"500\" height=\"333\" class=\"alignnone size-medium wp-image-5549\" srcset=\"https:\/\/www.im-banne-der-sensoren.de\/wp-content\/uploads\/2012\/09\/SDIM5101-500x333.jpg 500w, https:\/\/www.im-banne-der-sensoren.de\/wp-content\/uploads\/2012\/09\/SDIM5101-900x599.jpg 900w, https:\/\/www.im-banne-der-sensoren.de\/wp-content\/uploads\/2012\/09\/SDIM5101.jpg 950w\" sizes=\"auto, (max-width: 500px) 100vw, 500px\" \/><\/a><br \/>\nDamit Papis Mercedes gen\u00fcgend Luft bekommt, haben die Drillinge ihm zum Geburtstag ein paar feine L\u00f6cher in die Garagent\u00fcren gebohrt. Da wird er sich aber freuen, wenn er vom Unternehmenlenken nach Hause kapriolt kommt.<\/p>\n","protected":false},"excerpt":{"rendered":"<p>Damit Papis Mercedes gen\u00fcgend Luft bekommt, haben die Drillinge ihm zum Geburtstag ein paar feine L\u00f6cher in die Garagent\u00fcren gebohrt. Da wird er sich aber freuen, wenn er vom Unternehmenlenken nach Hause kapriolt kommt.<\/p>\n","protected":false},"author":1,"featured_media":0,"comment_status":"open","ping_status":"open","sticky":false,"template":"","format":"standard","meta":{"footnotes":""},"categories":[32,15,156,3,103],"tags":[],"class_list":["post-5548","post","type-post","status-publish","format-standard","hentry","category-architektur","category-ausen","category-garage","category-peter_p","category-schatten","entry"],"_links":{"self":[{"href":"https:\/\/www.im-banne-der-sensoren.de\/index.php?rest_route=\/wp\/v2\/posts\/5548","targetHints":{"allow":["GET"]}}],"collection":[{"href":"https:\/\/www.im-banne-der-sensoren.de\/index.php?rest_route=\/wp\/v2\/posts"}],"about":[{"href":"https:\/\/www.im-banne-der-sensoren.de\/index.php?rest_route=\/wp\/v2\/types\/post"}],"author":[{"embeddable":true,"href":"https:\/\/www.im-banne-der-sensoren.de\/index.php?rest_route=\/wp\/v2\/users\/1"}],"replies":[{"embeddable":true,"href":"https:\/\/www.im-banne-der-sensoren.de\/index.php?rest_route=%2Fwp%2Fv2%2Fcomments&post=5548"}],"version-history":[{"count":2,"href":"https:\/\/www.im-banne-der-sensoren.de\/index.php?rest_route=\/wp\/v2\/posts\/5548\/revisions"}],"predecessor-version":[{"id":5551,"href":"https:\/\/www.im-banne-der-sensoren.de\/index.php?rest_route=\/wp\/v2\/posts\/5548\/revisions\/5551"}],"wp:attachment":[{"href":"https:\/\/www.im-banne-der-sensoren.de\/index.php?rest_route=%2Fwp%2Fv2%2Fmedia&parent=5548"}],"wp:term":[{"taxonomy":"category","embeddable":true,"href":"https:\/\/www.im-banne-der-sensoren.de\/index.php?rest_route=%2Fwp%2Fv2%2Fcategories&post=5548"},{"taxonomy":"post_tag","embeddable":true,"href":"https:\/\/www.im-banne-der-sensoren.de\/index.php?rest_route=%2Fwp%2Fv2%2Ftags&post=5548"}],"curies":[{"name":"wp","href":"https:\/\/api.w.org\/{rel}","templated":true}]}}