{"id":5454,"date":"2012-09-18T07:15:48","date_gmt":"2012-09-18T05:15:48","guid":{"rendered":"http:\/\/www.im-banne-der-sensoren.de\/?p=5454"},"modified":"2012-09-18T07:32:49","modified_gmt":"2012-09-18T05:32:49","slug":"entrance-free","status":"publish","type":"post","link":"https:\/\/www.im-banne-der-sensoren.de\/?p=5454","title":{"rendered":"Free admission"},"content":{"rendered":"<p><a href=\"http:\/\/www.im-banne-der-sensoren.de\/wp-content\/uploads\/2012\/09\/SDIM5030.jpg\"><img loading=\"lazy\" decoding=\"async\" src=\"http:\/\/www.im-banne-der-sensoren.de\/wp-content\/uploads\/2012\/09\/SDIM5030-500x333.jpg\" alt=\"\" title=\"tritt ein, bring gl\u00fcck herein\" width=\"500\" height=\"333\" class=\"alignnone size-medium wp-image-5455\" srcset=\"https:\/\/www.im-banne-der-sensoren.de\/wp-content\/uploads\/2012\/09\/SDIM5030-500x333.jpg 500w, https:\/\/www.im-banne-der-sensoren.de\/wp-content\/uploads\/2012\/09\/SDIM5030-900x599.jpg 900w, https:\/\/www.im-banne-der-sensoren.de\/wp-content\/uploads\/2012\/09\/SDIM5030.jpg 950w\" sizes=\"auto, (max-width: 500px) 100vw, 500px\" \/><\/a><br \/>\nFr\u00fch morgens, wenn die Schatten lang sind und die S\u00fcndenregister kurz, ist der Eingang zur H\u00f6lle noch verschlossen. Im Lauf des Tages aber \u2026 <\/p>\n","protected":false},"excerpt":{"rendered":"<p>Fr\u00fch morgens, wenn die Schatten lang sind und die S\u00fcndenregister kurz, ist der Eingang zur H\u00f6lle noch verschlossen. Im Lauf des Tages aber \u2026<\/p>\n","protected":false},"author":1,"featured_media":0,"comment_status":"open","ping_status":"open","sticky":false,"template":"","format":"standard","meta":{"footnotes":""},"categories":[15,165,3,103],"tags":[],"class_list":["post-5454","post","type-post","status-publish","format-standard","hentry","category-ausen","category-bahnhof","category-peter_p","category-schatten","entry"],"_links":{"self":[{"href":"https:\/\/www.im-banne-der-sensoren.de\/index.php?rest_route=\/wp\/v2\/posts\/5454","targetHints":{"allow":["GET"]}}],"collection":[{"href":"https:\/\/www.im-banne-der-sensoren.de\/index.php?rest_route=\/wp\/v2\/posts"}],"about":[{"href":"https:\/\/www.im-banne-der-sensoren.de\/index.php?rest_route=\/wp\/v2\/types\/post"}],"author":[{"embeddable":true,"href":"https:\/\/www.im-banne-der-sensoren.de\/index.php?rest_route=\/wp\/v2\/users\/1"}],"replies":[{"embeddable":true,"href":"https:\/\/www.im-banne-der-sensoren.de\/index.php?rest_route=%2Fwp%2Fv2%2Fcomments&post=5454"}],"version-history":[{"count":9,"href":"https:\/\/www.im-banne-der-sensoren.de\/index.php?rest_route=\/wp\/v2\/posts\/5454\/revisions"}],"predecessor-version":[{"id":5466,"href":"https:\/\/www.im-banne-der-sensoren.de\/index.php?rest_route=\/wp\/v2\/posts\/5454\/revisions\/5466"}],"wp:attachment":[{"href":"https:\/\/www.im-banne-der-sensoren.de\/index.php?rest_route=%2Fwp%2Fv2%2Fmedia&parent=5454"}],"wp:term":[{"taxonomy":"category","embeddable":true,"href":"https:\/\/www.im-banne-der-sensoren.de\/index.php?rest_route=%2Fwp%2Fv2%2Fcategories&post=5454"},{"taxonomy":"post_tag","embeddable":true,"href":"https:\/\/www.im-banne-der-sensoren.de\/index.php?rest_route=%2Fwp%2Fv2%2Ftags&post=5454"}],"curies":[{"name":"wp","href":"https:\/\/api.w.org\/{rel}","templated":true}]}}