{"id":5429,"date":"2012-09-14T08:05:08","date_gmt":"2012-09-14T06:05:08","guid":{"rendered":"http:\/\/www.im-banne-der-sensoren.de\/?p=5429"},"modified":"2012-09-14T08:05:48","modified_gmt":"2012-09-14T06:05:48","slug":"warten-auf-die-braut","status":"publish","type":"post","link":"https:\/\/www.im-banne-der-sensoren.de\/?p=5429","title":{"rendered":"Warten auf die Braut"},"content":{"rendered":"<p><a href=\"http:\/\/www.im-banne-der-sensoren.de\/wp-content\/uploads\/2012\/09\/SDIM4807.jpg\"><img loading=\"lazy\" decoding=\"async\" src=\"http:\/\/www.im-banne-der-sensoren.de\/wp-content\/uploads\/2012\/09\/SDIM4807-500x333.jpg\" alt=\"\" title=\"wahrscheinlich wird sie nein sagen\" width=\"500\" height=\"333\" class=\"alignnone size-medium wp-image-5430\" srcset=\"https:\/\/www.im-banne-der-sensoren.de\/wp-content\/uploads\/2012\/09\/SDIM4807-500x333.jpg 500w, https:\/\/www.im-banne-der-sensoren.de\/wp-content\/uploads\/2012\/09\/SDIM4807-900x599.jpg 900w, https:\/\/www.im-banne-der-sensoren.de\/wp-content\/uploads\/2012\/09\/SDIM4807.jpg 950w\" sizes=\"auto, (max-width: 500px) 100vw, 500px\" \/><\/a><br \/>\nManchmal finden Trauungen im Alten Rathaus statt. Das ist von 1912 und k\u00f6nnte mal eine \u00dcberarbeitung der Fensterrahmen vertragen. <em>Beachte: Alles, was an diesem Bild irgendwie nach Instagram aussieht, ist nat\u00fcrlich kein Instagram \u2026 pfffff!<\/em><\/p>\n","protected":false},"excerpt":{"rendered":"<p>Manchmal finden Trauungen im Alten Rathaus statt. Das ist von 1912 und k\u00f6nnte mal eine \u00dcberarbeitung der Fensterrahmen vertragen. Beachte: Alles, was an diesem Bild irgendwie nach Instagram aussieht, ist nat\u00fcrlich kein Instagram \u2026 pfffff!<\/p>\n","protected":false},"author":1,"featured_media":0,"comment_status":"open","ping_status":"open","sticky":false,"template":"","format":"standard","meta":{"footnotes":""},"categories":[32,15,3,169],"tags":[],"class_list":["post-5429","post","type-post","status-publish","format-standard","hentry","category-architektur","category-ausen","category-peter_p","category-stadt","entry"],"_links":{"self":[{"href":"https:\/\/www.im-banne-der-sensoren.de\/index.php?rest_route=\/wp\/v2\/posts\/5429","targetHints":{"allow":["GET"]}}],"collection":[{"href":"https:\/\/www.im-banne-der-sensoren.de\/index.php?rest_route=\/wp\/v2\/posts"}],"about":[{"href":"https:\/\/www.im-banne-der-sensoren.de\/index.php?rest_route=\/wp\/v2\/types\/post"}],"author":[{"embeddable":true,"href":"https:\/\/www.im-banne-der-sensoren.de\/index.php?rest_route=\/wp\/v2\/users\/1"}],"replies":[{"embeddable":true,"href":"https:\/\/www.im-banne-der-sensoren.de\/index.php?rest_route=%2Fwp%2Fv2%2Fcomments&post=5429"}],"version-history":[{"count":2,"href":"https:\/\/www.im-banne-der-sensoren.de\/index.php?rest_route=\/wp\/v2\/posts\/5429\/revisions"}],"predecessor-version":[{"id":5432,"href":"https:\/\/www.im-banne-der-sensoren.de\/index.php?rest_route=\/wp\/v2\/posts\/5429\/revisions\/5432"}],"wp:attachment":[{"href":"https:\/\/www.im-banne-der-sensoren.de\/index.php?rest_route=%2Fwp%2Fv2%2Fmedia&parent=5429"}],"wp:term":[{"taxonomy":"category","embeddable":true,"href":"https:\/\/www.im-banne-der-sensoren.de\/index.php?rest_route=%2Fwp%2Fv2%2Fcategories&post=5429"},{"taxonomy":"post_tag","embeddable":true,"href":"https:\/\/www.im-banne-der-sensoren.de\/index.php?rest_route=%2Fwp%2Fv2%2Ftags&post=5429"}],"curies":[{"name":"wp","href":"https:\/\/api.w.org\/{rel}","templated":true}]}}