{"id":5346,"date":"2012-09-04T21:51:58","date_gmt":"2012-09-04T19:51:58","guid":{"rendered":"http:\/\/www.im-banne-der-sensoren.de\/?p=5346"},"modified":"2012-09-04T21:51:58","modified_gmt":"2012-09-04T19:51:58","slug":"die-kerze-des-konigs","status":"publish","type":"post","link":"https:\/\/www.im-banne-der-sensoren.de\/?p=5346","title":{"rendered":"Die Kerze des K\u00f6nigs"},"content":{"rendered":"<p><a href=\"http:\/\/www.im-banne-der-sensoren.de\/wp-content\/uploads\/2012\/09\/SDIM_0076_Koenigskerze1.jpg\"><img loading=\"lazy\" decoding=\"async\" class=\"alignnone size-medium wp-image-5348\" title=\"Vor allem bei Reizhusten\" src=\"http:\/\/www.im-banne-der-sensoren.de\/wp-content\/uploads\/2012\/09\/SDIM_0076_Koenigskerze1-500x332.jpg\" alt=\"\" width=\"500\" height=\"332\" srcset=\"https:\/\/www.im-banne-der-sensoren.de\/wp-content\/uploads\/2012\/09\/SDIM_0076_Koenigskerze1-500x332.jpg 500w, https:\/\/www.im-banne-der-sensoren.de\/wp-content\/uploads\/2012\/09\/SDIM_0076_Koenigskerze1.jpg 900w\" sizes=\"auto, (max-width: 500px) 100vw, 500px\" \/><\/a><\/p>\n<p>In dieser Gr\u00f6\u00dfe kaum zu erkennen, ist dieses Foto ein gutes Beispiel f\u00fcr Diffraktion. Die Automatik der Kamera hat die Blende so klein gemacht, dass die Lichtstrahlen gebeugt wurden. Das Ergebnis ist ein schwummriges Bild. Macht aber nix.<\/p>\n","protected":false},"excerpt":{"rendered":"<p>In dieser Gr\u00f6\u00dfe kaum zu erkennen, ist dieses Foto ein gutes Beispiel f\u00fcr Diffraktion. Die Automatik der Kamera hat die Blende so klein gemacht, dass die Lichtstrahlen gebeugt wurden. Das Ergebnis ist ein schwummriges Bild. Macht aber nix.<\/p>\n","protected":false},"author":3,"featured_media":0,"comment_status":"open","ping_status":"open","sticky":false,"template":"","format":"standard","meta":{"footnotes":""},"categories":[1,15,117,4,189,137,182,146,19,31],"tags":[],"class_list":["post-5346","post","type-post","status-publish","format-standard","hentry","category-allgemein","category-ausen","category-blumen","category-christoph","category-garten","category-gelb","category-gold","category-landschaft","category-pflanze","category-sonne","entry"],"_links":{"self":[{"href":"https:\/\/www.im-banne-der-sensoren.de\/index.php?rest_route=\/wp\/v2\/posts\/5346","targetHints":{"allow":["GET"]}}],"collection":[{"href":"https:\/\/www.im-banne-der-sensoren.de\/index.php?rest_route=\/wp\/v2\/posts"}],"about":[{"href":"https:\/\/www.im-banne-der-sensoren.de\/index.php?rest_route=\/wp\/v2\/types\/post"}],"author":[{"embeddable":true,"href":"https:\/\/www.im-banne-der-sensoren.de\/index.php?rest_route=\/wp\/v2\/users\/3"}],"replies":[{"embeddable":true,"href":"https:\/\/www.im-banne-der-sensoren.de\/index.php?rest_route=%2Fwp%2Fv2%2Fcomments&post=5346"}],"version-history":[{"count":1,"href":"https:\/\/www.im-banne-der-sensoren.de\/index.php?rest_route=\/wp\/v2\/posts\/5346\/revisions"}],"predecessor-version":[{"id":5349,"href":"https:\/\/www.im-banne-der-sensoren.de\/index.php?rest_route=\/wp\/v2\/posts\/5346\/revisions\/5349"}],"wp:attachment":[{"href":"https:\/\/www.im-banne-der-sensoren.de\/index.php?rest_route=%2Fwp%2Fv2%2Fmedia&parent=5346"}],"wp:term":[{"taxonomy":"category","embeddable":true,"href":"https:\/\/www.im-banne-der-sensoren.de\/index.php?rest_route=%2Fwp%2Fv2%2Fcategories&post=5346"},{"taxonomy":"post_tag","embeddable":true,"href":"https:\/\/www.im-banne-der-sensoren.de\/index.php?rest_route=%2Fwp%2Fv2%2Ftags&post=5346"}],"curies":[{"name":"wp","href":"https:\/\/api.w.org\/{rel}","templated":true}]}}