{"id":5061,"date":"2012-07-22T11:02:57","date_gmt":"2012-07-22T09:02:57","guid":{"rendered":"http:\/\/www.im-banne-der-sensoren.de\/?p=5061"},"modified":"2012-07-22T11:02:57","modified_gmt":"2012-07-22T09:02:57","slug":"oder-so-ahnlich","status":"publish","type":"post","link":"https:\/\/www.im-banne-der-sensoren.de\/?p=5061","title":{"rendered":"Oder so \u00e4hnlich"},"content":{"rendered":"<p><a href=\"http:\/\/www.im-banne-der-sensoren.de\/wp-content\/uploads\/2012\/07\/SDIM4576_sw.jpg\"><img decoding=\"async\" src=\"http:\/\/www.im-banne-der-sensoren.de\/wp-content\/uploads\/2012\/07\/SDIM4576_350x525.jpg\" alt=\"\" title=\"verzweiflung\" width=\u201e350\" height=\u201e525\" class=\"alignnone size-medium wp-image-5062\" \/><\/a><br \/>\nWenn ich mich recht erinnere, sagte Fr\u00e4ulein B., die lange vor mir das eigentlich Gro\u00dfartige an diesem Motiv bemerkte, dass hier wohl irgendwo ein trauriges Kind leben m\u00fcsse.<\/p>\n","protected":false},"excerpt":{"rendered":"<p>Wenn ich mich recht erinnere, sagte Fr\u00e4ulein B., die lange vor mir das eigentlich Gro\u00dfartige an diesem Motiv bemerkte, dass hier wohl irgendwo ein trauriges Kind leben m\u00fcsse.<\/p>\n","protected":false},"author":1,"featured_media":0,"comment_status":"open","ping_status":"open","sticky":false,"template":"","format":"standard","meta":{"footnotes":""},"categories":[32,15,73,145,126,3,188,141,124],"tags":[],"class_list":["post-5061","post","type-post","status-publish","format-standard","hentry","category-architektur","category-ausen","category-baum","category-kirche","category-manipulation","category-peter_p","category-provence","category-sachlichkeit","category-schwarzweis","entry"],"_links":{"self":[{"href":"https:\/\/www.im-banne-der-sensoren.de\/index.php?rest_route=\/wp\/v2\/posts\/5061","targetHints":{"allow":["GET"]}}],"collection":[{"href":"https:\/\/www.im-banne-der-sensoren.de\/index.php?rest_route=\/wp\/v2\/posts"}],"about":[{"href":"https:\/\/www.im-banne-der-sensoren.de\/index.php?rest_route=\/wp\/v2\/types\/post"}],"author":[{"embeddable":true,"href":"https:\/\/www.im-banne-der-sensoren.de\/index.php?rest_route=\/wp\/v2\/users\/1"}],"replies":[{"embeddable":true,"href":"https:\/\/www.im-banne-der-sensoren.de\/index.php?rest_route=%2Fwp%2Fv2%2Fcomments&post=5061"}],"version-history":[{"count":3,"href":"https:\/\/www.im-banne-der-sensoren.de\/index.php?rest_route=\/wp\/v2\/posts\/5061\/revisions"}],"predecessor-version":[{"id":5066,"href":"https:\/\/www.im-banne-der-sensoren.de\/index.php?rest_route=\/wp\/v2\/posts\/5061\/revisions\/5066"}],"wp:attachment":[{"href":"https:\/\/www.im-banne-der-sensoren.de\/index.php?rest_route=%2Fwp%2Fv2%2Fmedia&parent=5061"}],"wp:term":[{"taxonomy":"category","embeddable":true,"href":"https:\/\/www.im-banne-der-sensoren.de\/index.php?rest_route=%2Fwp%2Fv2%2Fcategories&post=5061"},{"taxonomy":"post_tag","embeddable":true,"href":"https:\/\/www.im-banne-der-sensoren.de\/index.php?rest_route=%2Fwp%2Fv2%2Ftags&post=5061"}],"curies":[{"name":"wp","href":"https:\/\/api.w.org\/{rel}","templated":true}]}}