{"id":4818,"date":"2012-06-24T19:50:30","date_gmt":"2012-06-24T17:50:30","guid":{"rendered":"http:\/\/www.im-banne-der-sensoren.de\/?p=4818"},"modified":"2012-06-24T23:41:22","modified_gmt":"2012-06-24T21:41:22","slug":"am-unterschleissheimer-see","status":"publish","type":"post","link":"https:\/\/www.im-banne-der-sensoren.de\/?p=4818","title":{"rendered":"Am Ufer"},"content":{"rendered":"<p><a href=\"http:\/\/www.im-banne-der-sensoren.de\/wp-content\/uploads\/2012\/06\/0386_Baggersee.jpg\"><img loading=\"lazy\" decoding=\"async\" class=\"alignnone size-medium wp-image-4819\" title=\"0386_Baggersee\" src=\"http:\/\/www.im-banne-der-sensoren.de\/wp-content\/uploads\/2012\/06\/0386_Baggersee-500x332.jpg\" alt=\"\" width=\"500\" height=\"332\" srcset=\"https:\/\/www.im-banne-der-sensoren.de\/wp-content\/uploads\/2012\/06\/0386_Baggersee-500x332.jpg 500w, https:\/\/www.im-banne-der-sensoren.de\/wp-content\/uploads\/2012\/06\/0386_Baggersee.jpg 900w\" sizes=\"auto, (max-width: 500px) 100vw, 500px\" \/><\/a><\/p>\n<p>Die Ledertasche zur Linken war mein Schulranzen. Mit Kugelschreiber wurde den damaligen popkulturellen Pr\u00e4ferenzen grafisch Ausdruck verliehen. Als meine Mutter mir vor kurzem, nach \u00fcber 25 Jahren, diese Tasche\u00a0 zuschickte, wich beim Betrachten das Gef\u00fchl der R\u00fchrung schnell dem der Peinlichkeit. Schleifpapier mit 80er K\u00f6rnung, mittelbraune Schuhcreme, und die Tasche war wieder herzeigbar, wenn auch als Palimpsest.<\/p>\n","protected":false},"excerpt":{"rendered":"<p>Die Ledertasche zur Linken war mein Schulranzen. Mit Kugelschreiber wurde den damaligen popkulturellen Pr\u00e4ferenzen grafisch Ausdruck verliehen. Als meine Mutter mir vor kurzem, nach \u00fcber 25 Jahren, diese Tasche\u00a0 zuschickte, wich beim Betrachten das Gef\u00fchl der R\u00fchrung schnell dem der Peinlichkeit. Schleifpapier mit 80er K\u00f6rnung, mittelbraune Schuhcreme, und die Tasche war wieder herzeigbar, wenn auch<a class=\"more-link\" href=\"https:\/\/www.im-banne-der-sensoren.de\/?p=4818\"><span class=\"screen-reader-text\">&#8222;Am Ufer&#8220;<\/span> weiterlesen<\/a><\/p>\n","protected":false},"author":3,"featured_media":0,"comment_status":"open","ping_status":"open","sticky":false,"template":"","format":"standard","meta":{"footnotes":""},"categories":[1,15,4,72,110,187],"tags":[],"class_list":["post-4818","post","type-post","status-publish","format-standard","hentry","category-allgemein","category-ausen","category-christoph","category-grun","category-stilleben","category-wasser","entry"],"_links":{"self":[{"href":"https:\/\/www.im-banne-der-sensoren.de\/index.php?rest_route=\/wp\/v2\/posts\/4818","targetHints":{"allow":["GET"]}}],"collection":[{"href":"https:\/\/www.im-banne-der-sensoren.de\/index.php?rest_route=\/wp\/v2\/posts"}],"about":[{"href":"https:\/\/www.im-banne-der-sensoren.de\/index.php?rest_route=\/wp\/v2\/types\/post"}],"author":[{"embeddable":true,"href":"https:\/\/www.im-banne-der-sensoren.de\/index.php?rest_route=\/wp\/v2\/users\/3"}],"replies":[{"embeddable":true,"href":"https:\/\/www.im-banne-der-sensoren.de\/index.php?rest_route=%2Fwp%2Fv2%2Fcomments&post=4818"}],"version-history":[{"count":6,"href":"https:\/\/www.im-banne-der-sensoren.de\/index.php?rest_route=\/wp\/v2\/posts\/4818\/revisions"}],"predecessor-version":[{"id":4822,"href":"https:\/\/www.im-banne-der-sensoren.de\/index.php?rest_route=\/wp\/v2\/posts\/4818\/revisions\/4822"}],"wp:attachment":[{"href":"https:\/\/www.im-banne-der-sensoren.de\/index.php?rest_route=%2Fwp%2Fv2%2Fmedia&parent=4818"}],"wp:term":[{"taxonomy":"category","embeddable":true,"href":"https:\/\/www.im-banne-der-sensoren.de\/index.php?rest_route=%2Fwp%2Fv2%2Fcategories&post=4818"},{"taxonomy":"post_tag","embeddable":true,"href":"https:\/\/www.im-banne-der-sensoren.de\/index.php?rest_route=%2Fwp%2Fv2%2Ftags&post=4818"}],"curies":[{"name":"wp","href":"https:\/\/api.w.org\/{rel}","templated":true}]}}