{"id":4574,"date":"2012-05-16T07:56:34","date_gmt":"2012-05-16T05:56:34","guid":{"rendered":"http:\/\/www.im-banne-der-sensoren.de\/?p=4574"},"modified":"2012-05-16T07:56:34","modified_gmt":"2012-05-16T05:56:34","slug":"%c2%a7-193-sonn-und-feiertag-sonnabend","status":"publish","type":"post","link":"https:\/\/www.im-banne-der-sensoren.de\/?p=4574","title":{"rendered":"\u00a7 193 Sonn- und Feiertag; Sonnabend"},"content":{"rendered":"<p><a href=\"http:\/\/www.im-banne-der-sensoren.de\/wp-content\/uploads\/2012\/05\/SDIM40891.jpg\"><img loading=\"lazy\" decoding=\"async\" src=\"http:\/\/www.im-banne-der-sensoren.de\/wp-content\/uploads\/2012\/05\/SDIM40891-500x333.jpg\" alt=\"\" title=\"wochenendhaus\" width=\"500\" height=\"333\" class=\"alignnone size-medium wp-image-4575\" srcset=\"https:\/\/www.im-banne-der-sensoren.de\/wp-content\/uploads\/2012\/05\/SDIM40891-500x333.jpg 500w, https:\/\/www.im-banne-der-sensoren.de\/wp-content\/uploads\/2012\/05\/SDIM40891-900x599.jpg 900w, https:\/\/www.im-banne-der-sensoren.de\/wp-content\/uploads\/2012\/05\/SDIM40891.jpg 950w\" sizes=\"auto, (max-width: 500px) 100vw, 500px\" \/><\/a><br \/>\nIst an einem bestimmten Tage oder innerhalb einer Frist eine Willenserkl\u00e4rung abzugeben oder eine Leistung zu bewirken und f\u00e4llt der bestimmte Tag oder der letzte Tag der Frist auf einen Sonntag, einen am Erkl\u00e4rungs- oder Leistungsort staatlich anerkannten allgemeinen Feiertag oder einen Sonnabend, so tritt an die Stelle eines solchen Tages der n\u00e4chste Werktag.<\/p>\n","protected":false},"excerpt":{"rendered":"<p>Ist an einem bestimmten Tage oder innerhalb einer Frist eine Willenserkl\u00e4rung abzugeben oder eine Leistung zu bewirken und f\u00e4llt der bestimmte Tag oder der letzte Tag der Frist auf einen Sonntag, einen am Erkl\u00e4rungs- oder Leistungsort staatlich anerkannten allgemeinen Feiertag oder einen Sonnabend, so tritt an die Stelle eines solchen Tages der n\u00e4chste Werktag.<\/p>\n","protected":false},"author":1,"featured_media":0,"comment_status":"open","ping_status":"open","sticky":false,"template":"","format":"standard","meta":{"footnotes":""},"categories":[32,15,73,116,72,101,3,184],"tags":[],"class_list":["post-4574","post","type-post","status-publish","format-standard","hentry","category-architektur","category-ausen","category-baum","category-dunkel","category-grun","category-natur","category-peter_p","category-wald","entry"],"_links":{"self":[{"href":"https:\/\/www.im-banne-der-sensoren.de\/index.php?rest_route=\/wp\/v2\/posts\/4574","targetHints":{"allow":["GET"]}}],"collection":[{"href":"https:\/\/www.im-banne-der-sensoren.de\/index.php?rest_route=\/wp\/v2\/posts"}],"about":[{"href":"https:\/\/www.im-banne-der-sensoren.de\/index.php?rest_route=\/wp\/v2\/types\/post"}],"author":[{"embeddable":true,"href":"https:\/\/www.im-banne-der-sensoren.de\/index.php?rest_route=\/wp\/v2\/users\/1"}],"replies":[{"embeddable":true,"href":"https:\/\/www.im-banne-der-sensoren.de\/index.php?rest_route=%2Fwp%2Fv2%2Fcomments&post=4574"}],"version-history":[{"count":1,"href":"https:\/\/www.im-banne-der-sensoren.de\/index.php?rest_route=\/wp\/v2\/posts\/4574\/revisions"}],"predecessor-version":[{"id":4576,"href":"https:\/\/www.im-banne-der-sensoren.de\/index.php?rest_route=\/wp\/v2\/posts\/4574\/revisions\/4576"}],"wp:attachment":[{"href":"https:\/\/www.im-banne-der-sensoren.de\/index.php?rest_route=%2Fwp%2Fv2%2Fmedia&parent=4574"}],"wp:term":[{"taxonomy":"category","embeddable":true,"href":"https:\/\/www.im-banne-der-sensoren.de\/index.php?rest_route=%2Fwp%2Fv2%2Fcategories&post=4574"},{"taxonomy":"post_tag","embeddable":true,"href":"https:\/\/www.im-banne-der-sensoren.de\/index.php?rest_route=%2Fwp%2Fv2%2Ftags&post=4574"}],"curies":[{"name":"wp","href":"https:\/\/api.w.org\/{rel}","templated":true}]}}