{"id":4554,"date":"2012-05-13T11:09:03","date_gmt":"2012-05-13T09:09:03","guid":{"rendered":"http:\/\/www.im-banne-der-sensoren.de\/?p=4554"},"modified":"2012-05-13T11:09:23","modified_gmt":"2012-05-13T09:09:23","slug":"pelvis","status":"publish","type":"post","link":"https:\/\/www.im-banne-der-sensoren.de\/?p=4554","title":{"rendered":"Pelvis"},"content":{"rendered":"<p><a href=\"http:\/\/www.im-banne-der-sensoren.de\/wp-content\/uploads\/2012\/05\/SDIM3985.jpg\"><img loading=\"lazy\" decoding=\"async\" src=\"http:\/\/www.im-banne-der-sensoren.de\/wp-content\/uploads\/2012\/05\/SDIM3985-500x334.jpg\" alt=\"\" title=\"direkter blick\" width=\"500\" height=\"334\" class=\"alignnone size-medium wp-image-4555\" srcset=\"https:\/\/www.im-banne-der-sensoren.de\/wp-content\/uploads\/2012\/05\/SDIM3985-500x334.jpg 500w, https:\/\/www.im-banne-der-sensoren.de\/wp-content\/uploads\/2012\/05\/SDIM3985-900x602.jpg 900w, https:\/\/www.im-banne-der-sensoren.de\/wp-content\/uploads\/2012\/05\/SDIM3985.jpg 950w\" sizes=\"auto, (max-width: 500px) 100vw, 500px\" \/><\/a><br \/>\nHier musste ich nicht mal die K\u00f6pfe abschneiden, um den diversen Pers\u00f6nlichkeitsrechten Gen\u00fcge zu tun: Das Bild war aus der H\u00fcfte geschossen und oben sowieso gekappt. Aus der H\u00fcfte auf die H\u00fcfte<\/p>\n","protected":false},"excerpt":{"rendered":"<p>Hier musste ich nicht mal die K\u00f6pfe abschneiden, um den diversen Pers\u00f6nlichkeitsrechten Gen\u00fcge zu tun: Das Bild war aus der H\u00fcfte geschossen und oben sowieso gekappt. Aus der H\u00fcfte auf die H\u00fcfte<\/p>\n","protected":false},"author":1,"featured_media":0,"comment_status":"open","ping_status":"open","sticky":false,"template":"","format":"standard","meta":{"footnotes":""},"categories":[15,115,3],"tags":[],"class_list":["post-4554","post","type-post","status-publish","format-standard","hentry","category-ausen","category-balkon","category-peter_p","entry"],"_links":{"self":[{"href":"https:\/\/www.im-banne-der-sensoren.de\/index.php?rest_route=\/wp\/v2\/posts\/4554","targetHints":{"allow":["GET"]}}],"collection":[{"href":"https:\/\/www.im-banne-der-sensoren.de\/index.php?rest_route=\/wp\/v2\/posts"}],"about":[{"href":"https:\/\/www.im-banne-der-sensoren.de\/index.php?rest_route=\/wp\/v2\/types\/post"}],"author":[{"embeddable":true,"href":"https:\/\/www.im-banne-der-sensoren.de\/index.php?rest_route=\/wp\/v2\/users\/1"}],"replies":[{"embeddable":true,"href":"https:\/\/www.im-banne-der-sensoren.de\/index.php?rest_route=%2Fwp%2Fv2%2Fcomments&post=4554"}],"version-history":[{"count":2,"href":"https:\/\/www.im-banne-der-sensoren.de\/index.php?rest_route=\/wp\/v2\/posts\/4554\/revisions"}],"predecessor-version":[{"id":4557,"href":"https:\/\/www.im-banne-der-sensoren.de\/index.php?rest_route=\/wp\/v2\/posts\/4554\/revisions\/4557"}],"wp:attachment":[{"href":"https:\/\/www.im-banne-der-sensoren.de\/index.php?rest_route=%2Fwp%2Fv2%2Fmedia&parent=4554"}],"wp:term":[{"taxonomy":"category","embeddable":true,"href":"https:\/\/www.im-banne-der-sensoren.de\/index.php?rest_route=%2Fwp%2Fv2%2Fcategories&post=4554"},{"taxonomy":"post_tag","embeddable":true,"href":"https:\/\/www.im-banne-der-sensoren.de\/index.php?rest_route=%2Fwp%2Fv2%2Ftags&post=4554"}],"curies":[{"name":"wp","href":"https:\/\/api.w.org\/{rel}","templated":true}]}}