{"id":450,"date":"2011-04-04T21:59:50","date_gmt":"2011-04-04T19:59:50","guid":{"rendered":"http:\/\/www.im-banne-der-sensoren.de\/?p=450"},"modified":"2011-04-04T22:03:52","modified_gmt":"2011-04-04T20:03:52","slug":"bushalt","status":"publish","type":"post","link":"https:\/\/www.im-banne-der-sensoren.de\/?p=450","title":{"rendered":"Bushalt"},"content":{"rendered":"<p><a href=\"http:\/\/www.im-banne-der-sensoren.de\/wp-content\/uploads\/2011\/04\/SDIM1394_haltestelle.jpg\"><img decoding=\"async\" class=\"alignnone size-medium wp-image-198\" title=\"Bushalt\" src=\"http:\/\/www.im-banne-der-sensoren.de\/wp-content\/uploads\/2011\/04\/SDIM1394_haltestelle.jpg\" alt=\"\" width=\"950\" height=\"\u201e633&quot;\" \/><\/a><\/p>\n<p>26\u00b0 im April. Ein einziger Tag Sommer im Fr\u00fchling. Die Gegend: eine Mischung aus gutb\u00fcrgerlich und leicht schon abgr\u00fcndig. Die Bushaltestelle einer Grundschule, welche das genaue Gegenteil vom \u00c4u\u00dferen ihrer Bushaltestelle ist. Wer nicht taggt, war nicht da. Volles Gegenlicht, in den Lichtern farblich verzogen. <\/p>\n","protected":false},"excerpt":{"rendered":"<p>26\u00b0 im April. Ein einziger Tag Sommer im Fr\u00fchling. Die Gegend: eine Mischung aus gutb\u00fcrgerlich und leicht schon abgr\u00fcndig. Die Bushaltestelle einer Grundschule, welche das genaue Gegenteil vom \u00c4u\u00dferen ihrer Bushaltestelle ist. Wer nicht taggt, war nicht da. Volles Gegenlicht, in den Lichtern farblich verzogen.<\/p>\n","protected":false},"author":1,"featured_media":0,"comment_status":"open","ping_status":"open","sticky":false,"template":"","format":"standard","meta":{"footnotes":""},"categories":[15,3],"tags":[],"class_list":["post-450","post","type-post","status-publish","format-standard","hentry","category-ausen","category-peter_p","entry"],"_links":{"self":[{"href":"https:\/\/www.im-banne-der-sensoren.de\/index.php?rest_route=\/wp\/v2\/posts\/450","targetHints":{"allow":["GET"]}}],"collection":[{"href":"https:\/\/www.im-banne-der-sensoren.de\/index.php?rest_route=\/wp\/v2\/posts"}],"about":[{"href":"https:\/\/www.im-banne-der-sensoren.de\/index.php?rest_route=\/wp\/v2\/types\/post"}],"author":[{"embeddable":true,"href":"https:\/\/www.im-banne-der-sensoren.de\/index.php?rest_route=\/wp\/v2\/users\/1"}],"replies":[{"embeddable":true,"href":"https:\/\/www.im-banne-der-sensoren.de\/index.php?rest_route=%2Fwp%2Fv2%2Fcomments&post=450"}],"version-history":[{"count":3,"href":"https:\/\/www.im-banne-der-sensoren.de\/index.php?rest_route=\/wp\/v2\/posts\/450\/revisions"}],"predecessor-version":[{"id":453,"href":"https:\/\/www.im-banne-der-sensoren.de\/index.php?rest_route=\/wp\/v2\/posts\/450\/revisions\/453"}],"wp:attachment":[{"href":"https:\/\/www.im-banne-der-sensoren.de\/index.php?rest_route=%2Fwp%2Fv2%2Fmedia&parent=450"}],"wp:term":[{"taxonomy":"category","embeddable":true,"href":"https:\/\/www.im-banne-der-sensoren.de\/index.php?rest_route=%2Fwp%2Fv2%2Fcategories&post=450"},{"taxonomy":"post_tag","embeddable":true,"href":"https:\/\/www.im-banne-der-sensoren.de\/index.php?rest_route=%2Fwp%2Fv2%2Ftags&post=450"}],"curies":[{"name":"wp","href":"https:\/\/api.w.org\/{rel}","templated":true}]}}