{"id":392,"date":"2011-04-01T06:36:00","date_gmt":"2011-04-01T05:36:00","guid":{"rendered":"http:\/\/www.im-banne-der-sensoren.de\/?p=392"},"modified":"2011-04-01T06:40:09","modified_gmt":"2011-04-01T05:40:09","slug":"anakin","status":"publish","type":"post","link":"https:\/\/www.im-banne-der-sensoren.de\/?p=392","title":{"rendered":"Anakin"},"content":{"rendered":"<p><a href=\"http:\/\/www.im-banne-der-sensoren.de\/wp-content\/uploads\/2011\/04\/SDIM1283_anakin.jpg\"><img decoding=\"async\" class=\"alignnone size-medium wp-image-198\" title=\"anakin\" src=\"http:\/\/www.im-banne-der-sensoren.de\/wp-content\/uploads\/2011\/04\/SDIM1283_anakin.jpg\" alt=\"\" width=\"950\" height=\u201e633\" \/><\/a><\/p>\n<p>Das f\u00e4llt mir leicht: Menschen abbilden, die man nicht erkennen kann. Ist ja auch der Sinn des Ganzen, am Karnevals-Sonntag. Eindrucksvoller junger Krieger mit sp\u00e4terer B\u00f6se-Biografie als Ausatmer. Ich habe das Bild vorab schonmal woanders gezeigt, das sei aber bittsch\u00f6n verziehen \u2013 hier ist es 300 px breiter :-)<\/p>\n","protected":false},"excerpt":{"rendered":"","protected":false},"author":1,"featured_media":0,"comment_status":"open","ping_status":"open","sticky":false,"template":"","format":"standard","meta":{"footnotes":""},"categories":[15,3,40],"tags":[67,30],"class_list":["post-392","post","type-post","status-publish","format-standard","hentry","category-ausen","category-peter_p","category-portrait","tag-anakin-skywalker","tag-karneval","entry"],"_links":{"self":[{"href":"https:\/\/www.im-banne-der-sensoren.de\/index.php?rest_route=\/wp\/v2\/posts\/392","targetHints":{"allow":["GET"]}}],"collection":[{"href":"https:\/\/www.im-banne-der-sensoren.de\/index.php?rest_route=\/wp\/v2\/posts"}],"about":[{"href":"https:\/\/www.im-banne-der-sensoren.de\/index.php?rest_route=\/wp\/v2\/types\/post"}],"author":[{"embeddable":true,"href":"https:\/\/www.im-banne-der-sensoren.de\/index.php?rest_route=\/wp\/v2\/users\/1"}],"replies":[{"embeddable":true,"href":"https:\/\/www.im-banne-der-sensoren.de\/index.php?rest_route=%2Fwp%2Fv2%2Fcomments&post=392"}],"version-history":[{"count":3,"href":"https:\/\/www.im-banne-der-sensoren.de\/index.php?rest_route=\/wp\/v2\/posts\/392\/revisions"}],"predecessor-version":[{"id":396,"href":"https:\/\/www.im-banne-der-sensoren.de\/index.php?rest_route=\/wp\/v2\/posts\/392\/revisions\/396"}],"wp:attachment":[{"href":"https:\/\/www.im-banne-der-sensoren.de\/index.php?rest_route=%2Fwp%2Fv2%2Fmedia&parent=392"}],"wp:term":[{"taxonomy":"category","embeddable":true,"href":"https:\/\/www.im-banne-der-sensoren.de\/index.php?rest_route=%2Fwp%2Fv2%2Fcategories&post=392"},{"taxonomy":"post_tag","embeddable":true,"href":"https:\/\/www.im-banne-der-sensoren.de\/index.php?rest_route=%2Fwp%2Fv2%2Ftags&post=392"}],"curies":[{"name":"wp","href":"https:\/\/api.w.org\/{rel}","templated":true}]}}