{"id":3719,"date":"2012-01-27T07:51:28","date_gmt":"2012-01-27T06:51:28","guid":{"rendered":"http:\/\/www.im-banne-der-sensoren.de\/?p=3719"},"modified":"2012-01-27T07:51:28","modified_gmt":"2012-01-27T06:51:28","slug":"faust-i","status":"publish","type":"post","link":"https:\/\/www.im-banne-der-sensoren.de\/?p=3719","title":{"rendered":"Faust I"},"content":{"rendered":"<p><a href=\"http:\/\/www.im-banne-der-sensoren.de\/wp-content\/uploads\/2012\/01\/SDIM3704.jpg\"><img loading=\"lazy\" decoding=\"async\" src=\"http:\/\/www.im-banne-der-sensoren.de\/wp-content\/uploads\/2012\/01\/SDIM3704-500x333.jpg\" alt=\"\" title=\"fr\u00fchst\u00fcck mit mephistopheles\" width=\"500\" height=\"333\" class=\"alignnone size-medium wp-image-3720\" srcset=\"https:\/\/www.im-banne-der-sensoren.de\/wp-content\/uploads\/2012\/01\/SDIM3704-500x333.jpg 500w, https:\/\/www.im-banne-der-sensoren.de\/wp-content\/uploads\/2012\/01\/SDIM3704-900x599.jpg 900w, https:\/\/www.im-banne-der-sensoren.de\/wp-content\/uploads\/2012\/01\/SDIM3704.jpg 950w\" sizes=\"auto, (max-width: 500px) 100vw, 500px\" \/><\/a>Der Gurken sind genug gewechselt,<br \/>\nLa\u00dft mich auch endlich Kaffee sehn!<br \/>\nIndes ihr K\u00e4sest\u00fcckchen drechselt,<br \/>\nKann etwas Fr\u00fchst\u00fcck auch geschehn.<\/p>\n","protected":false},"excerpt":{"rendered":"<p>Der Gurken sind genug gewechselt, La\u00dft mich auch endlich Kaffee sehn! Indes ihr K\u00e4sest\u00fcckchen drechselt, Kann etwas Fr\u00fchst\u00fcck auch geschehn.<\/p>\n","protected":false},"author":1,"featured_media":0,"comment_status":"open","ping_status":"open","sticky":false,"template":"","format":"standard","meta":{"footnotes":""},"categories":[167,72,142,3],"tags":[],"class_list":["post-3719","post","type-post","status-publish","format-standard","hentry","category-essen","category-grun","category-kuchentisch","category-peter_p","entry"],"_links":{"self":[{"href":"https:\/\/www.im-banne-der-sensoren.de\/index.php?rest_route=\/wp\/v2\/posts\/3719","targetHints":{"allow":["GET"]}}],"collection":[{"href":"https:\/\/www.im-banne-der-sensoren.de\/index.php?rest_route=\/wp\/v2\/posts"}],"about":[{"href":"https:\/\/www.im-banne-der-sensoren.de\/index.php?rest_route=\/wp\/v2\/types\/post"}],"author":[{"embeddable":true,"href":"https:\/\/www.im-banne-der-sensoren.de\/index.php?rest_route=\/wp\/v2\/users\/1"}],"replies":[{"embeddable":true,"href":"https:\/\/www.im-banne-der-sensoren.de\/index.php?rest_route=%2Fwp%2Fv2%2Fcomments&post=3719"}],"version-history":[{"count":1,"href":"https:\/\/www.im-banne-der-sensoren.de\/index.php?rest_route=\/wp\/v2\/posts\/3719\/revisions"}],"predecessor-version":[{"id":3721,"href":"https:\/\/www.im-banne-der-sensoren.de\/index.php?rest_route=\/wp\/v2\/posts\/3719\/revisions\/3721"}],"wp:attachment":[{"href":"https:\/\/www.im-banne-der-sensoren.de\/index.php?rest_route=%2Fwp%2Fv2%2Fmedia&parent=3719"}],"wp:term":[{"taxonomy":"category","embeddable":true,"href":"https:\/\/www.im-banne-der-sensoren.de\/index.php?rest_route=%2Fwp%2Fv2%2Fcategories&post=3719"},{"taxonomy":"post_tag","embeddable":true,"href":"https:\/\/www.im-banne-der-sensoren.de\/index.php?rest_route=%2Fwp%2Fv2%2Ftags&post=3719"}],"curies":[{"name":"wp","href":"https:\/\/api.w.org\/{rel}","templated":true}]}}