{"id":3318,"date":"2011-12-03T21:00:22","date_gmt":"2011-12-03T20:00:22","guid":{"rendered":"http:\/\/www.im-banne-der-sensoren.de\/?p=3318"},"modified":"2011-12-04T12:13:04","modified_gmt":"2011-12-04T11:13:04","slug":"fernsehen-hinter-flusslandschaft","status":"publish","type":"post","link":"https:\/\/www.im-banne-der-sensoren.de\/?p=3318","title":{"rendered":"Fernsehen hinter Flusslandschaft"},"content":{"rendered":"<p><a href=\"http:\/\/www.im-banne-der-sensoren.de\/wp-content\/uploads\/2011\/12\/0214_Erft_TV.jpg\"><img loading=\"lazy\" decoding=\"async\" class=\"alignnone size-medium wp-image-3319\" title=\"0214_Erft_TV\" src=\"http:\/\/www.im-banne-der-sensoren.de\/wp-content\/uploads\/2011\/12\/0214_Erft_TV-500x752.jpg\" alt=\"\" width=\"350\" height=\"526\" srcset=\"https:\/\/www.im-banne-der-sensoren.de\/wp-content\/uploads\/2011\/12\/0214_Erft_TV-500x752.jpg 500w, https:\/\/www.im-banne-der-sensoren.de\/wp-content\/uploads\/2011\/12\/0214_Erft_TV.jpg 598w\" sizes=\"auto, (max-width: 350px) 100vw, 350px\" \/><\/a><\/p>\n<p>Beim Spaziergang durch das Reuschenberger Arboretum<br \/>\nbin ich mit meinem Bruder am Fl\u00fcsschen Erft entlang gegangen.<br \/>\nAuf dem R\u00fcckweg, es hatte ged\u00e4mmert, sahen wir den<br \/>\nFernseher mit gef\u00fchlten 2 Metern Bildschirmdiagonale.<\/p>\n","protected":false},"excerpt":{"rendered":"<p>Beim Spaziergang durch das Reuschenberger Arboretum bin ich mit meinem Bruder am Fl\u00fcsschen Erft entlang gegangen. Auf dem R\u00fcckweg, es hatte ged\u00e4mmert, sahen wir den Fernseher mit gef\u00fchlten 2 Metern Bildschirmdiagonale.<\/p>\n","protected":false},"author":3,"featured_media":0,"comment_status":"open","ping_status":"open","sticky":false,"template":"","format":"standard","meta":{"footnotes":""},"categories":[1],"tags":[],"class_list":["post-3318","post","type-post","status-publish","format-standard","hentry","category-allgemein","entry"],"_links":{"self":[{"href":"https:\/\/www.im-banne-der-sensoren.de\/index.php?rest_route=\/wp\/v2\/posts\/3318","targetHints":{"allow":["GET"]}}],"collection":[{"href":"https:\/\/www.im-banne-der-sensoren.de\/index.php?rest_route=\/wp\/v2\/posts"}],"about":[{"href":"https:\/\/www.im-banne-der-sensoren.de\/index.php?rest_route=\/wp\/v2\/types\/post"}],"author":[{"embeddable":true,"href":"https:\/\/www.im-banne-der-sensoren.de\/index.php?rest_route=\/wp\/v2\/users\/3"}],"replies":[{"embeddable":true,"href":"https:\/\/www.im-banne-der-sensoren.de\/index.php?rest_route=%2Fwp%2Fv2%2Fcomments&post=3318"}],"version-history":[{"count":5,"href":"https:\/\/www.im-banne-der-sensoren.de\/index.php?rest_route=\/wp\/v2\/posts\/3318\/revisions"}],"predecessor-version":[{"id":3323,"href":"https:\/\/www.im-banne-der-sensoren.de\/index.php?rest_route=\/wp\/v2\/posts\/3318\/revisions\/3323"}],"wp:attachment":[{"href":"https:\/\/www.im-banne-der-sensoren.de\/index.php?rest_route=%2Fwp%2Fv2%2Fmedia&parent=3318"}],"wp:term":[{"taxonomy":"category","embeddable":true,"href":"https:\/\/www.im-banne-der-sensoren.de\/index.php?rest_route=%2Fwp%2Fv2%2Fcategories&post=3318"},{"taxonomy":"post_tag","embeddable":true,"href":"https:\/\/www.im-banne-der-sensoren.de\/index.php?rest_route=%2Fwp%2Fv2%2Ftags&post=3318"}],"curies":[{"name":"wp","href":"https:\/\/api.w.org\/{rel}","templated":true}]}}