{"id":3306,"date":"2011-12-02T20:45:04","date_gmt":"2011-12-02T19:45:04","guid":{"rendered":"http:\/\/www.im-banne-der-sensoren.de\/?p=3306"},"modified":"2011-12-02T22:54:43","modified_gmt":"2011-12-02T21:54:43","slug":"sentimental-journey","status":"publish","type":"post","link":"https:\/\/www.im-banne-der-sensoren.de\/?p=3306","title":{"rendered":"Sentimental journey"},"content":{"rendered":"<p><a href=\"http:\/\/www.im-banne-der-sensoren.de\/wp-content\/uploads\/2011\/12\/0213_DJ_Hollerbusch.jpg\"><img loading=\"lazy\" decoding=\"async\" class=\"alignnone size-medium wp-image-3307\" title=\"0213_DJ_Hollerbusch\" src=\"http:\/\/www.im-banne-der-sensoren.de\/wp-content\/uploads\/2011\/12\/0213_DJ_Hollerbusch-500x332.jpg\" alt=\"\" width=\"500\" height=\"332\" srcset=\"https:\/\/www.im-banne-der-sensoren.de\/wp-content\/uploads\/2011\/12\/0213_DJ_Hollerbusch-500x332.jpg 500w, https:\/\/www.im-banne-der-sensoren.de\/wp-content\/uploads\/2011\/12\/0213_DJ_Hollerbusch.jpg 900w\" sizes=\"auto, (max-width: 500px) 100vw, 500px\" \/><\/a><\/p>\n<p>In Begleitung von Herrn Tillmann habe ich hinter dem Neusser Hauptbahnhof<br \/>\ndie Schreinerei gesucht, in der ich eine Lehre gemacht und ein halbes Gesellenjahr gearbeitet habe.<br \/>\nZu meiner \u00dcberraschung gibt es das Geb\u00e4ude der Schreinerei Elsemann noch, es dient aber jetzt als Lagerraum f\u00fcr Ateliers. Die Mauer mit den ausgesetzten St\u00fchlen trennt das Parkhaus des Hauptbahnhofs von der Werkstatt, dem Sch\u00fctzenverein und einer Firma f\u00fcr Filmausstattung.<br \/>\nAngesichts dieses Ensembles bat mich Herr Tillmann darum, ein Foto zu machen. Im Nachhinein finde ich, es dr\u00fcckt meine Gef\u00fchle an diesem Ort sehr gut aus.<\/p>\n","protected":false},"excerpt":{"rendered":"<p>In Begleitung von Herrn Tillmann habe ich hinter dem Neusser Hauptbahnhof die Schreinerei gesucht, in der ich eine Lehre gemacht und ein halbes Gesellenjahr gearbeitet habe. Zu meiner \u00dcberraschung gibt es das Geb\u00e4ude der Schreinerei Elsemann noch, es dient aber jetzt als Lagerraum f\u00fcr Ateliers. Die Mauer mit den ausgesetzten St\u00fchlen trennt das Parkhaus des<a class=\"more-link\" href=\"https:\/\/www.im-banne-der-sensoren.de\/?p=3306\"><span class=\"screen-reader-text\">&#8222;Sentimental journey&#8220;<\/span> weiterlesen<\/a><\/p>\n","protected":false},"author":3,"featured_media":0,"comment_status":"open","ping_status":"open","sticky":false,"template":"","format":"standard","meta":{"footnotes":""},"categories":[1],"tags":[],"class_list":["post-3306","post","type-post","status-publish","format-standard","hentry","category-allgemein","entry"],"_links":{"self":[{"href":"https:\/\/www.im-banne-der-sensoren.de\/index.php?rest_route=\/wp\/v2\/posts\/3306","targetHints":{"allow":["GET"]}}],"collection":[{"href":"https:\/\/www.im-banne-der-sensoren.de\/index.php?rest_route=\/wp\/v2\/posts"}],"about":[{"href":"https:\/\/www.im-banne-der-sensoren.de\/index.php?rest_route=\/wp\/v2\/types\/post"}],"author":[{"embeddable":true,"href":"https:\/\/www.im-banne-der-sensoren.de\/index.php?rest_route=\/wp\/v2\/users\/3"}],"replies":[{"embeddable":true,"href":"https:\/\/www.im-banne-der-sensoren.de\/index.php?rest_route=%2Fwp%2Fv2%2Fcomments&post=3306"}],"version-history":[{"count":6,"href":"https:\/\/www.im-banne-der-sensoren.de\/index.php?rest_route=\/wp\/v2\/posts\/3306\/revisions"}],"predecessor-version":[{"id":3313,"href":"https:\/\/www.im-banne-der-sensoren.de\/index.php?rest_route=\/wp\/v2\/posts\/3306\/revisions\/3313"}],"wp:attachment":[{"href":"https:\/\/www.im-banne-der-sensoren.de\/index.php?rest_route=%2Fwp%2Fv2%2Fmedia&parent=3306"}],"wp:term":[{"taxonomy":"category","embeddable":true,"href":"https:\/\/www.im-banne-der-sensoren.de\/index.php?rest_route=%2Fwp%2Fv2%2Fcategories&post=3306"},{"taxonomy":"post_tag","embeddable":true,"href":"https:\/\/www.im-banne-der-sensoren.de\/index.php?rest_route=%2Fwp%2Fv2%2Ftags&post=3306"}],"curies":[{"name":"wp","href":"https:\/\/api.w.org\/{rel}","templated":true}]}}