{"id":2998,"date":"2011-10-27T07:36:59","date_gmt":"2011-10-27T05:36:59","guid":{"rendered":"http:\/\/www.im-banne-der-sensoren.de\/?p=2998"},"modified":"2011-10-27T09:58:30","modified_gmt":"2011-10-27T07:58:30","slug":"blue-umbrellas","status":"publish","type":"post","link":"https:\/\/www.im-banne-der-sensoren.de\/?p=2998","title":{"rendered":"Famous blue umbrellas"},"content":{"rendered":"<p><a href=\"http:\/\/www.im-banne-der-sensoren.de\/wp-content\/uploads\/2011\/10\/0183_Augustiner.jpg\"><img loading=\"lazy\" decoding=\"async\" class=\"alignnone size-medium wp-image-2999\" title=\"0183_Augustiner\" src=\"http:\/\/www.im-banne-der-sensoren.de\/wp-content\/uploads\/2011\/10\/0183_Augustiner-500x332.jpg\" alt=\"\" width=\"500\" height=\"332\" srcset=\"https:\/\/www.im-banne-der-sensoren.de\/wp-content\/uploads\/2011\/10\/0183_Augustiner-500x332.jpg 500w, https:\/\/www.im-banne-der-sensoren.de\/wp-content\/uploads\/2011\/10\/0183_Augustiner.jpg 900w\" sizes=\"auto, (max-width: 500px) 100vw, 500px\" \/><\/a><\/p>\n<p>Und hier die emblematische Einstimmung auf T.&#8217;s Honorar f\u00fcr seine kleine kunstgeschichtliche Ausf\u00fchrung \u00fcber barocke Todessymbolik.<\/p>\n","protected":false},"excerpt":{"rendered":"<p>Und hier die emblematische Einstimmung auf T.&#8217;s Honorar f\u00fcr seine kleine kunstgeschichtliche Ausf\u00fchrung \u00fcber barocke Todessymbolik.<\/p>\n","protected":false},"author":3,"featured_media":0,"comment_status":"open","ping_status":"open","sticky":false,"template":"","format":"standard","meta":{"footnotes":""},"categories":[1],"tags":[],"class_list":["post-2998","post","type-post","status-publish","format-standard","hentry","category-allgemein","entry"],"_links":{"self":[{"href":"https:\/\/www.im-banne-der-sensoren.de\/index.php?rest_route=\/wp\/v2\/posts\/2998","targetHints":{"allow":["GET"]}}],"collection":[{"href":"https:\/\/www.im-banne-der-sensoren.de\/index.php?rest_route=\/wp\/v2\/posts"}],"about":[{"href":"https:\/\/www.im-banne-der-sensoren.de\/index.php?rest_route=\/wp\/v2\/types\/post"}],"author":[{"embeddable":true,"href":"https:\/\/www.im-banne-der-sensoren.de\/index.php?rest_route=\/wp\/v2\/users\/3"}],"replies":[{"embeddable":true,"href":"https:\/\/www.im-banne-der-sensoren.de\/index.php?rest_route=%2Fwp%2Fv2%2Fcomments&post=2998"}],"version-history":[{"count":6,"href":"https:\/\/www.im-banne-der-sensoren.de\/index.php?rest_route=\/wp\/v2\/posts\/2998\/revisions"}],"predecessor-version":[{"id":3005,"href":"https:\/\/www.im-banne-der-sensoren.de\/index.php?rest_route=\/wp\/v2\/posts\/2998\/revisions\/3005"}],"wp:attachment":[{"href":"https:\/\/www.im-banne-der-sensoren.de\/index.php?rest_route=%2Fwp%2Fv2%2Fmedia&parent=2998"}],"wp:term":[{"taxonomy":"category","embeddable":true,"href":"https:\/\/www.im-banne-der-sensoren.de\/index.php?rest_route=%2Fwp%2Fv2%2Fcategories&post=2998"},{"taxonomy":"post_tag","embeddable":true,"href":"https:\/\/www.im-banne-der-sensoren.de\/index.php?rest_route=%2Fwp%2Fv2%2Ftags&post=2998"}],"curies":[{"name":"wp","href":"https:\/\/api.w.org\/{rel}","templated":true}]}}