{"id":290,"date":"2011-03-24T10:25:14","date_gmt":"2011-03-24T10:25:14","guid":{"rendered":"http:\/\/www.im-banne-der-sensoren.de\/?p=290"},"modified":"2011-03-24T10:26:58","modified_gmt":"2011-03-24T10:26:58","slug":"fernsprech","status":"publish","type":"post","link":"https:\/\/www.im-banne-der-sensoren.de\/?p=290","title":{"rendered":"Fernsprech"},"content":{"rendered":"<p><a href=\"http:\/\/www.im-banne-der-sensoren.de\/wp-content\/uploads\/2011\/03\/SDIM1359_telefon.jpg\"><img decoding=\"async\" class=\"alignnone size-medium wp-image-198\" title=\"SDIM1359_telefon.jpg\" src=\"http:\/\/www.im-banne-der-sensoren.de\/wp-content\/uploads\/2011\/03\/SDIM1359_telefon.jpg\" alt=\"\" width=\"950\" height=\u201e633\" \/><\/a><\/p>\n<p>Wenn ich alt bin, werde ich ein Freund von Strukturen sein. Nicht nur meine runzlige Haut wird mir gefallen, sondern jede Art von Strukturierung, Faltung, Oberfl\u00e4chenst\u00f6rung. Ach, wird das sch\u00f6n!<br \/>\nDies ist eine Wand des 1912 gebauten Alten Rathauses in Menden, wo sich Telefon und Abflu\u00dfrohr &#8222;Gute Nacht!&#8220; sagen. Mein Lieblingsdetail: Die Klappe f\u00fcrs R\u00fcckgeld, die aussieht wie das Gesicht eines sehr b\u00f6sen Kampfroboters mit Unterbiss. Belebte Welt. Beleibte Welt. Gewellter Leib.<\/p>\n","protected":false},"excerpt":{"rendered":"","protected":false},"author":1,"featured_media":0,"comment_status":"open","ping_status":"open","sticky":false,"template":"","format":"standard","meta":{"footnotes":""},"categories":[15,3],"tags":[49,48,50],"class_list":["post-290","post","type-post","status-publish","format-standard","hentry","category-ausen","category-peter_p","tag-struktur","tag-telefon","tag-wand","entry"],"_links":{"self":[{"href":"https:\/\/www.im-banne-der-sensoren.de\/index.php?rest_route=\/wp\/v2\/posts\/290","targetHints":{"allow":["GET"]}}],"collection":[{"href":"https:\/\/www.im-banne-der-sensoren.de\/index.php?rest_route=\/wp\/v2\/posts"}],"about":[{"href":"https:\/\/www.im-banne-der-sensoren.de\/index.php?rest_route=\/wp\/v2\/types\/post"}],"author":[{"embeddable":true,"href":"https:\/\/www.im-banne-der-sensoren.de\/index.php?rest_route=\/wp\/v2\/users\/1"}],"replies":[{"embeddable":true,"href":"https:\/\/www.im-banne-der-sensoren.de\/index.php?rest_route=%2Fwp%2Fv2%2Fcomments&post=290"}],"version-history":[{"count":5,"href":"https:\/\/www.im-banne-der-sensoren.de\/index.php?rest_route=\/wp\/v2\/posts\/290\/revisions"}],"predecessor-version":[{"id":294,"href":"https:\/\/www.im-banne-der-sensoren.de\/index.php?rest_route=\/wp\/v2\/posts\/290\/revisions\/294"}],"wp:attachment":[{"href":"https:\/\/www.im-banne-der-sensoren.de\/index.php?rest_route=%2Fwp%2Fv2%2Fmedia&parent=290"}],"wp:term":[{"taxonomy":"category","embeddable":true,"href":"https:\/\/www.im-banne-der-sensoren.de\/index.php?rest_route=%2Fwp%2Fv2%2Fcategories&post=290"},{"taxonomy":"post_tag","embeddable":true,"href":"https:\/\/www.im-banne-der-sensoren.de\/index.php?rest_route=%2Fwp%2Fv2%2Ftags&post=290"}],"curies":[{"name":"wp","href":"https:\/\/api.w.org\/{rel}","templated":true}]}}