{"id":2783,"date":"2011-10-13T06:57:17","date_gmt":"2011-10-13T04:57:17","guid":{"rendered":"http:\/\/www.im-banne-der-sensoren.de\/?p=2783"},"modified":"2011-10-13T06:57:17","modified_gmt":"2011-10-13T04:57:17","slug":"mein-hauscafe-am-abend","status":"publish","type":"post","link":"https:\/\/www.im-banne-der-sensoren.de\/?p=2783","title":{"rendered":"Mein Hauscaf\u00e9 am Abend"},"content":{"rendered":"<p><a href=\"http:\/\/www.im-banne-der-sensoren.de\/wp-content\/uploads\/2011\/10\/0170_CAfe.jpg\"><img loading=\"lazy\" decoding=\"async\" class=\"alignnone size-medium wp-image-2784\" title=\"0170_CAfe\" src=\"http:\/\/www.im-banne-der-sensoren.de\/wp-content\/uploads\/2011\/10\/0170_CAfe-500x332.jpg\" alt=\"\" width=\"500\" height=\"332\" srcset=\"https:\/\/www.im-banne-der-sensoren.de\/wp-content\/uploads\/2011\/10\/0170_CAfe-500x332.jpg 500w, https:\/\/www.im-banne-der-sensoren.de\/wp-content\/uploads\/2011\/10\/0170_CAfe.jpg 900w\" sizes=\"auto, (max-width: 500px) 100vw, 500px\" \/><\/a><\/p>\n<p>Morgens vor der Arbeit einen Caf\u00e9 americano, nachmittags ein St\u00fcck Kuchen, abends einen Sundowner: im Caf\u00e9 Kitchenette, meine Empfehlung!<br \/>\np.s.: Minolta MD 1.2\/50, meine Nachteule, an der Sony Nex.<\/p>\n","protected":false},"excerpt":{"rendered":"<p>Morgens vor der Arbeit einen Caf\u00e9 americano, nachmittags ein St\u00fcck Kuchen, abends einen Sundowner: im Caf\u00e9 Kitchenette, meine Empfehlung! p.s.: Minolta MD 1.2\/50, meine Nachteule, an der Sony Nex.<\/p>\n","protected":false},"author":3,"featured_media":0,"comment_status":"open","ping_status":"open","sticky":false,"template":"","format":"standard","meta":{"footnotes":""},"categories":[1,32,15,4,116,134],"tags":[],"class_list":["post-2783","post","type-post","status-publish","format-standard","hentry","category-allgemein","category-architektur","category-ausen","category-christoph","category-dunkel","category-fremdsensor","entry"],"_links":{"self":[{"href":"https:\/\/www.im-banne-der-sensoren.de\/index.php?rest_route=\/wp\/v2\/posts\/2783","targetHints":{"allow":["GET"]}}],"collection":[{"href":"https:\/\/www.im-banne-der-sensoren.de\/index.php?rest_route=\/wp\/v2\/posts"}],"about":[{"href":"https:\/\/www.im-banne-der-sensoren.de\/index.php?rest_route=\/wp\/v2\/types\/post"}],"author":[{"embeddable":true,"href":"https:\/\/www.im-banne-der-sensoren.de\/index.php?rest_route=\/wp\/v2\/users\/3"}],"replies":[{"embeddable":true,"href":"https:\/\/www.im-banne-der-sensoren.de\/index.php?rest_route=%2Fwp%2Fv2%2Fcomments&post=2783"}],"version-history":[{"count":9,"href":"https:\/\/www.im-banne-der-sensoren.de\/index.php?rest_route=\/wp\/v2\/posts\/2783\/revisions"}],"predecessor-version":[{"id":2793,"href":"https:\/\/www.im-banne-der-sensoren.de\/index.php?rest_route=\/wp\/v2\/posts\/2783\/revisions\/2793"}],"wp:attachment":[{"href":"https:\/\/www.im-banne-der-sensoren.de\/index.php?rest_route=%2Fwp%2Fv2%2Fmedia&parent=2783"}],"wp:term":[{"taxonomy":"category","embeddable":true,"href":"https:\/\/www.im-banne-der-sensoren.de\/index.php?rest_route=%2Fwp%2Fv2%2Fcategories&post=2783"},{"taxonomy":"post_tag","embeddable":true,"href":"https:\/\/www.im-banne-der-sensoren.de\/index.php?rest_route=%2Fwp%2Fv2%2Ftags&post=2783"}],"curies":[{"name":"wp","href":"https:\/\/api.w.org\/{rel}","templated":true}]}}