{"id":2699,"date":"2011-10-08T12:01:42","date_gmt":"2011-10-08T10:01:42","guid":{"rendered":"http:\/\/www.im-banne-der-sensoren.de\/?p=2699"},"modified":"2011-10-08T12:02:55","modified_gmt":"2011-10-08T10:02:55","slug":"now-back-to-some-people","status":"publish","type":"post","link":"https:\/\/www.im-banne-der-sensoren.de\/?p=2699","title":{"rendered":"Now back to some people"},"content":{"rendered":"<p><a href=\"http:\/\/www.im-banne-der-sensoren.de\/wp-content\/uploads\/2011\/10\/SDIM2912_letzter_blick.jpg\"><img loading=\"lazy\" decoding=\"async\" src=\"http:\/\/www.im-banne-der-sensoren.de\/wp-content\/uploads\/2011\/10\/SDIM2912_letzter_blick-500x333.jpg\" alt=\"\" title=\"letzter blick\" width=\"500\" height=\"333\" class=\"alignnone size-medium wp-image-2701\" srcset=\"https:\/\/www.im-banne-der-sensoren.de\/wp-content\/uploads\/2011\/10\/SDIM2912_letzter_blick-500x333.jpg 500w, https:\/\/www.im-banne-der-sensoren.de\/wp-content\/uploads\/2011\/10\/SDIM2912_letzter_blick-900x599.jpg 900w, https:\/\/www.im-banne-der-sensoren.de\/wp-content\/uploads\/2011\/10\/SDIM2912_letzter_blick.jpg 950w\" sizes=\"auto, (max-width: 500px) 100vw, 500px\" \/><\/a><\/p>\n<p>Ein Bild der kleinen Nachfeier nach unserer letzten Theaterauff\u00fchrung. Eine der Mitwirkenden ging an Kr\u00fccken, konnte nicht mit auftreten und leider auch den abschlie\u00dfenden Applaus nicht entgegennehmen. Tanzen konnte sie sp\u00e4ter auch nicht. Aber es war gro\u00dfartig, dass sie da war.<\/p>\n<p><a href=\"http:\/\/www.im-banne-der-sensoren.de\/wp-content\/uploads\/2011\/10\/SDIM2913_sitzen_bleiben.jpg\"><img loading=\"lazy\" decoding=\"async\" src=\"http:\/\/www.im-banne-der-sensoren.de\/wp-content\/uploads\/2011\/10\/SDIM2913_sitzen_bleiben-500x333.jpg\" alt=\"\" title=\"sitzen bleiben\" width=\"500\" height=\"333\" class=\"alignnone size-medium wp-image-2700\" srcset=\"https:\/\/www.im-banne-der-sensoren.de\/wp-content\/uploads\/2011\/10\/SDIM2913_sitzen_bleiben-500x333.jpg 500w, https:\/\/www.im-banne-der-sensoren.de\/wp-content\/uploads\/2011\/10\/SDIM2913_sitzen_bleiben-900x599.jpg 900w, https:\/\/www.im-banne-der-sensoren.de\/wp-content\/uploads\/2011\/10\/SDIM2913_sitzen_bleiben.jpg 950w\" sizes=\"auto, (max-width: 500px) 100vw, 500px\" \/><\/a><\/p>\n","protected":false},"excerpt":{"rendered":"<p>Ein Bild der kleinen Nachfeier nach unserer letzten Theaterauff\u00fchrung. Eine der Mitwirkenden ging an Kr\u00fccken, konnte nicht mit auftreten und leider auch den abschlie\u00dfenden Applaus nicht entgegennehmen. Tanzen konnte sie sp\u00e4ter auch nicht. Aber es war gro\u00dfartig, dass sie da war.<\/p>\n","protected":false},"author":1,"featured_media":0,"comment_status":"open","ping_status":"open","sticky":false,"template":"","format":"standard","meta":{"footnotes":""},"categories":[20,3,40],"tags":[],"class_list":["post-2699","post","type-post","status-publish","format-standard","hentry","category-innen","category-peter_p","category-portrait","entry"],"_links":{"self":[{"href":"https:\/\/www.im-banne-der-sensoren.de\/index.php?rest_route=\/wp\/v2\/posts\/2699","targetHints":{"allow":["GET"]}}],"collection":[{"href":"https:\/\/www.im-banne-der-sensoren.de\/index.php?rest_route=\/wp\/v2\/posts"}],"about":[{"href":"https:\/\/www.im-banne-der-sensoren.de\/index.php?rest_route=\/wp\/v2\/types\/post"}],"author":[{"embeddable":true,"href":"https:\/\/www.im-banne-der-sensoren.de\/index.php?rest_route=\/wp\/v2\/users\/1"}],"replies":[{"embeddable":true,"href":"https:\/\/www.im-banne-der-sensoren.de\/index.php?rest_route=%2Fwp%2Fv2%2Fcomments&post=2699"}],"version-history":[{"count":3,"href":"https:\/\/www.im-banne-der-sensoren.de\/index.php?rest_route=\/wp\/v2\/posts\/2699\/revisions"}],"predecessor-version":[{"id":2704,"href":"https:\/\/www.im-banne-der-sensoren.de\/index.php?rest_route=\/wp\/v2\/posts\/2699\/revisions\/2704"}],"wp:attachment":[{"href":"https:\/\/www.im-banne-der-sensoren.de\/index.php?rest_route=%2Fwp%2Fv2%2Fmedia&parent=2699"}],"wp:term":[{"taxonomy":"category","embeddable":true,"href":"https:\/\/www.im-banne-der-sensoren.de\/index.php?rest_route=%2Fwp%2Fv2%2Fcategories&post=2699"},{"taxonomy":"post_tag","embeddable":true,"href":"https:\/\/www.im-banne-der-sensoren.de\/index.php?rest_route=%2Fwp%2Fv2%2Ftags&post=2699"}],"curies":[{"name":"wp","href":"https:\/\/api.w.org\/{rel}","templated":true}]}}