{"id":26405,"date":"2025-02-25T21:20:33","date_gmt":"2025-02-25T20:20:33","guid":{"rendered":"https:\/\/www.im-banne-der-sensoren.de\/?p=26405"},"modified":"2025-02-25T21:21:18","modified_gmt":"2025-02-25T20:21:18","slug":"upgecycelt","status":"publish","type":"post","link":"https:\/\/www.im-banne-der-sensoren.de\/?p=26405","title":{"rendered":"Upgecycelt"},"content":{"rendered":"\n<figure class=\"wp-block-image size-large is-resized\"><a href=\"https:\/\/www.im-banne-der-sensoren.de\/wp-content\/uploads\/2025\/02\/IMG_7054.jpg\"><img loading=\"lazy\" decoding=\"async\" width=\"558\" height=\"900\" src=\"https:\/\/www.im-banne-der-sensoren.de\/wp-content\/uploads\/2025\/02\/IMG_7054-558x900.jpg\" alt=\"\" class=\"wp-image-26406\" style=\"width:398px;height:auto\" srcset=\"https:\/\/www.im-banne-der-sensoren.de\/wp-content\/uploads\/2025\/02\/IMG_7054-558x900.jpg 558w, https:\/\/www.im-banne-der-sensoren.de\/wp-content\/uploads\/2025\/02\/IMG_7054-500x806.jpg 500w, https:\/\/www.im-banne-der-sensoren.de\/wp-content\/uploads\/2025\/02\/IMG_7054.jpg 659w\" sizes=\"auto, (max-width: 558px) 100vw, 558px\" \/><\/a><\/figure>\n\n\n\n<p>Ein sp\u00e4tbiedermeierlicher Tr\u00fcmmerhaufen vom Sperrm\u00fcll in Kiel, dessen verfaulten F\u00fc\u00dfen ich Orthesens\u00f6ckchen angezogen habe. Der Sitz ist von einem Nussbaum, der vor 30 Jahren vor dem Minigolfplatz zwischen Reuschenberg und Holzheim gef\u00e4llt wurde.<\/p>\n","protected":false},"excerpt":{"rendered":"<p>Ein sp\u00e4tbiedermeierlicher Tr\u00fcmmerhaufen vom Sperrm\u00fcll in Kiel, dessen verfaulten F\u00fc\u00dfen ich Orthesens\u00f6ckchen angezogen habe. Der Sitz ist von einem Nussbaum, der vor 30 Jahren vor dem Minigolfplatz zwischen Reuschenberg und Holzheim gef\u00e4llt wurde.<\/p>\n","protected":false},"author":3,"featured_media":0,"comment_status":"open","ping_status":"open","sticky":false,"template":"","format":"standard","meta":{"footnotes":""},"categories":[1],"tags":[],"class_list":["post-26405","post","type-post","status-publish","format-standard","hentry","category-allgemein","entry"],"_links":{"self":[{"href":"https:\/\/www.im-banne-der-sensoren.de\/index.php?rest_route=\/wp\/v2\/posts\/26405","targetHints":{"allow":["GET"]}}],"collection":[{"href":"https:\/\/www.im-banne-der-sensoren.de\/index.php?rest_route=\/wp\/v2\/posts"}],"about":[{"href":"https:\/\/www.im-banne-der-sensoren.de\/index.php?rest_route=\/wp\/v2\/types\/post"}],"author":[{"embeddable":true,"href":"https:\/\/www.im-banne-der-sensoren.de\/index.php?rest_route=\/wp\/v2\/users\/3"}],"replies":[{"embeddable":true,"href":"https:\/\/www.im-banne-der-sensoren.de\/index.php?rest_route=%2Fwp%2Fv2%2Fcomments&post=26405"}],"version-history":[{"count":2,"href":"https:\/\/www.im-banne-der-sensoren.de\/index.php?rest_route=\/wp\/v2\/posts\/26405\/revisions"}],"predecessor-version":[{"id":26408,"href":"https:\/\/www.im-banne-der-sensoren.de\/index.php?rest_route=\/wp\/v2\/posts\/26405\/revisions\/26408"}],"wp:attachment":[{"href":"https:\/\/www.im-banne-der-sensoren.de\/index.php?rest_route=%2Fwp%2Fv2%2Fmedia&parent=26405"}],"wp:term":[{"taxonomy":"category","embeddable":true,"href":"https:\/\/www.im-banne-der-sensoren.de\/index.php?rest_route=%2Fwp%2Fv2%2Fcategories&post=26405"},{"taxonomy":"post_tag","embeddable":true,"href":"https:\/\/www.im-banne-der-sensoren.de\/index.php?rest_route=%2Fwp%2Fv2%2Ftags&post=26405"}],"curies":[{"name":"wp","href":"https:\/\/api.w.org\/{rel}","templated":true}]}}