{"id":264,"date":"2011-03-22T10:10:22","date_gmt":"2011-03-22T10:10:22","guid":{"rendered":"http:\/\/www.im-banne-der-sensoren.de\/?p=264"},"modified":"2011-03-22T10:11:50","modified_gmt":"2011-03-22T10:11:50","slug":"hutchen","status":"publish","type":"post","link":"https:\/\/www.im-banne-der-sensoren.de\/?p=264","title":{"rendered":"H\u00fctchen"},"content":{"rendered":"<p><a href=\"http:\/\/www.im-banne-der-sensoren.de\/wp-content\/uploads\/2011\/03\/SDIM1303_moi_huetchen.jpg\"><img decoding=\"async\" class=\"alignnone size-medium wp-image-198\" title=\"SDIM1303_moi_huetchen.jpg\" src=\"http:\/\/www.im-banne-der-sensoren.de\/wp-content\/uploads\/2011\/03\/SDIM1303_moi_huetchen.jpg\" alt=\"\" width=\"950\" height=\u201e633\" \/><\/a><\/p>\n<p>Eine Selbstbefragung anl\u00e4sslich des Patenkindgeburtstages am Rosenmontag: Ben\u00f6tige ich einen Nasenhaarschneider? Habe ich f\u00fcr eine Nassrasur zu unruhige H\u00e4nde? Stimmt das Verh\u00e4ltnis zwischen H\u00fctchenschr\u00e4ge und Haarl\u00e4nge? Von unten ist schon gruselig. Und sch\u00f6n gruselig. U\u00e4\u00e4\u00e4\u00e4\u00e4h!<\/p>\n","protected":false},"excerpt":{"rendered":"","protected":false},"author":1,"featured_media":0,"comment_status":"open","ping_status":"open","sticky":false,"template":"","format":"standard","meta":{"footnotes":""},"categories":[20,3,40],"tags":[43,30,42,41],"class_list":["post-264","post","type-post","status-publish","format-standard","hentry","category-innen","category-peter_p","category-portrait","tag-geburtstag","tag-karneval","tag-selbstprotrait","tag-untersicht","entry"],"_links":{"self":[{"href":"https:\/\/www.im-banne-der-sensoren.de\/index.php?rest_route=\/wp\/v2\/posts\/264","targetHints":{"allow":["GET"]}}],"collection":[{"href":"https:\/\/www.im-banne-der-sensoren.de\/index.php?rest_route=\/wp\/v2\/posts"}],"about":[{"href":"https:\/\/www.im-banne-der-sensoren.de\/index.php?rest_route=\/wp\/v2\/types\/post"}],"author":[{"embeddable":true,"href":"https:\/\/www.im-banne-der-sensoren.de\/index.php?rest_route=\/wp\/v2\/users\/1"}],"replies":[{"embeddable":true,"href":"https:\/\/www.im-banne-der-sensoren.de\/index.php?rest_route=%2Fwp%2Fv2%2Fcomments&post=264"}],"version-history":[{"count":4,"href":"https:\/\/www.im-banne-der-sensoren.de\/index.php?rest_route=\/wp\/v2\/posts\/264\/revisions"}],"predecessor-version":[{"id":269,"href":"https:\/\/www.im-banne-der-sensoren.de\/index.php?rest_route=\/wp\/v2\/posts\/264\/revisions\/269"}],"wp:attachment":[{"href":"https:\/\/www.im-banne-der-sensoren.de\/index.php?rest_route=%2Fwp%2Fv2%2Fmedia&parent=264"}],"wp:term":[{"taxonomy":"category","embeddable":true,"href":"https:\/\/www.im-banne-der-sensoren.de\/index.php?rest_route=%2Fwp%2Fv2%2Fcategories&post=264"},{"taxonomy":"post_tag","embeddable":true,"href":"https:\/\/www.im-banne-der-sensoren.de\/index.php?rest_route=%2Fwp%2Fv2%2Ftags&post=264"}],"curies":[{"name":"wp","href":"https:\/\/api.w.org\/{rel}","templated":true}]}}