{"id":2638,"date":"2011-10-04T08:00:47","date_gmt":"2011-10-04T06:00:47","guid":{"rendered":"http:\/\/www.im-banne-der-sensoren.de\/?p=2638"},"modified":"2011-10-04T08:00:47","modified_gmt":"2011-10-04T06:00:47","slug":"gluckwunsch","status":"publish","type":"post","link":"https:\/\/www.im-banne-der-sensoren.de\/?p=2638","title":{"rendered":"Gl\u00fcckwunsch!"},"content":{"rendered":"<p><a href=\"http:\/\/www.im-banne-der-sensoren.de\/wp-content\/uploads\/2011\/10\/SDIM2961_bahnhof.jpg\"><img loading=\"lazy\" decoding=\"async\" src=\"http:\/\/www.im-banne-der-sensoren.de\/wp-content\/uploads\/2011\/10\/SDIM2961_bahnhof-500x333.jpg\" alt=\"\" title=\"SDIM2961_bahnhof\" width=\"500\" height=\"333\" class=\"alignnone size-medium wp-image-2639\" srcset=\"https:\/\/www.im-banne-der-sensoren.de\/wp-content\/uploads\/2011\/10\/SDIM2961_bahnhof-500x333.jpg 500w, https:\/\/www.im-banne-der-sensoren.de\/wp-content\/uploads\/2011\/10\/SDIM2961_bahnhof-900x600.jpg 900w, https:\/\/www.im-banne-der-sensoren.de\/wp-content\/uploads\/2011\/10\/SDIM2961_bahnhof.jpg 950w\" sizes=\"auto, (max-width: 500px) 100vw, 500px\" \/><\/a><\/p>\n<p>Aus Anlass des Tages nach dem nationalen Feiertag pr\u00e4sentieren wie ein symmetrisches Motiv des seit etwa 20 Jahren aufgegebenen Bahnhofs unseres St\u00e4dtchens. Hier: die Halle der G\u00fcterabfertigung\u00b4.<\/p>\n","protected":false},"excerpt":{"rendered":"<p>Aus Anlass des Tages nach dem nationalen Feiertag pr\u00e4sentieren wie ein symmetrisches Motiv des seit etwa 20 Jahren aufgegebenen Bahnhofs unseres St\u00e4dtchens. Hier: die Halle der G\u00fcterabfertigung\u00b4.<\/p>\n","protected":false},"author":1,"featured_media":0,"comment_status":"open","ping_status":"open","sticky":false,"template":"","format":"standard","meta":{"footnotes":""},"categories":[32,20,3,110,130],"tags":[],"class_list":["post-2638","post","type-post","status-publish","format-standard","hentry","category-architektur","category-innen","category-peter_p","category-stilleben","category-unheimlich","entry"],"_links":{"self":[{"href":"https:\/\/www.im-banne-der-sensoren.de\/index.php?rest_route=\/wp\/v2\/posts\/2638","targetHints":{"allow":["GET"]}}],"collection":[{"href":"https:\/\/www.im-banne-der-sensoren.de\/index.php?rest_route=\/wp\/v2\/posts"}],"about":[{"href":"https:\/\/www.im-banne-der-sensoren.de\/index.php?rest_route=\/wp\/v2\/types\/post"}],"author":[{"embeddable":true,"href":"https:\/\/www.im-banne-der-sensoren.de\/index.php?rest_route=\/wp\/v2\/users\/1"}],"replies":[{"embeddable":true,"href":"https:\/\/www.im-banne-der-sensoren.de\/index.php?rest_route=%2Fwp%2Fv2%2Fcomments&post=2638"}],"version-history":[{"count":1,"href":"https:\/\/www.im-banne-der-sensoren.de\/index.php?rest_route=\/wp\/v2\/posts\/2638\/revisions"}],"predecessor-version":[{"id":2640,"href":"https:\/\/www.im-banne-der-sensoren.de\/index.php?rest_route=\/wp\/v2\/posts\/2638\/revisions\/2640"}],"wp:attachment":[{"href":"https:\/\/www.im-banne-der-sensoren.de\/index.php?rest_route=%2Fwp%2Fv2%2Fmedia&parent=2638"}],"wp:term":[{"taxonomy":"category","embeddable":true,"href":"https:\/\/www.im-banne-der-sensoren.de\/index.php?rest_route=%2Fwp%2Fv2%2Fcategories&post=2638"},{"taxonomy":"post_tag","embeddable":true,"href":"https:\/\/www.im-banne-der-sensoren.de\/index.php?rest_route=%2Fwp%2Fv2%2Ftags&post=2638"}],"curies":[{"name":"wp","href":"https:\/\/api.w.org\/{rel}","templated":true}]}}