{"id":2529,"date":"2011-09-26T08:18:35","date_gmt":"2011-09-26T06:18:35","guid":{"rendered":"http:\/\/www.im-banne-der-sensoren.de\/?p=2529"},"modified":"2011-09-26T08:21:26","modified_gmt":"2011-09-26T06:21:26","slug":"drache-dad","status":"publish","type":"post","link":"https:\/\/www.im-banne-der-sensoren.de\/?p=2529","title":{"rendered":"Drache &#038; Dad"},"content":{"rendered":"<p><a href=\"http:\/\/www.im-banne-der-sensoren.de\/wp-content\/uploads\/2011\/09\/SDIM2863_dragnet.jpg\"><img loading=\"lazy\" decoding=\"async\" src=\"http:\/\/www.im-banne-der-sensoren.de\/wp-content\/uploads\/2011\/09\/SDIM2863_dragnet-500x333.jpg\" alt=\"\" title=\"SDIM2863_dragnet\" width=\"500\" height=\"333\" class=\"alignnone size-medium wp-image-2530\" srcset=\"https:\/\/www.im-banne-der-sensoren.de\/wp-content\/uploads\/2011\/09\/SDIM2863_dragnet-500x333.jpg 500w, https:\/\/www.im-banne-der-sensoren.de\/wp-content\/uploads\/2011\/09\/SDIM2863_dragnet-900x599.jpg 900w, https:\/\/www.im-banne-der-sensoren.de\/wp-content\/uploads\/2011\/09\/SDIM2863_dragnet.jpg 950w\" sizes=\"auto, (max-width: 500px) 100vw, 500px\" \/><\/a><\/p>\n<p>Der Drache Dragnet &#8230;<\/p>\n<p><a href=\"http:\/\/www.im-banne-der-sensoren.de\/wp-content\/uploads\/2011\/09\/SDIM2867_martin.jpg\"><img loading=\"lazy\" decoding=\"async\" src=\"http:\/\/www.im-banne-der-sensoren.de\/wp-content\/uploads\/2011\/09\/SDIM2867_martin-500x333.jpg\" alt=\"\" title=\"SDIM2867_martin\" width=\"500\" height=\"333\" class=\"alignnone size-medium wp-image-2531\" srcset=\"https:\/\/www.im-banne-der-sensoren.de\/wp-content\/uploads\/2011\/09\/SDIM2867_martin-500x333.jpg 500w, https:\/\/www.im-banne-der-sensoren.de\/wp-content\/uploads\/2011\/09\/SDIM2867_martin-900x599.jpg 900w, https:\/\/www.im-banne-der-sensoren.de\/wp-content\/uploads\/2011\/09\/SDIM2867_martin.jpg 950w\" sizes=\"auto, (max-width: 500px) 100vw, 500px\" \/><\/a><\/p>\n<p>&#8230; und sein mahnender Erfinder.<\/p>\n<p>Die beiden haben ich gl\u00fccklich erwischt am letzten Tag unserer Menden-M\u00e4rchen-Auff\u00fchrungsstaffel. Es gab ein kleines Erinnerungs-Fotoshooting und ich habe mit der kleinen uuuuuuunflexiblen Kamera einfach mal dazwischen gehalten. Wo ich vier Bilder machte, hatte der gute Jonas schon mehrere zig Bilder alternativ abgeschossen. Ach, es geht ja alles so schnell heutzutage &#8230;<\/p>\n","protected":false},"excerpt":{"rendered":"<p>Der Drache Dragnet &#8230; &#8230; und sein mahnender Erfinder. Die beiden haben ich gl\u00fccklich erwischt am letzten Tag unserer Menden-M\u00e4rchen-Auff\u00fchrungsstaffel. Es gab ein kleines Erinnerungs-Fotoshooting und ich habe mit der kleinen uuuuuuunflexiblen Kamera einfach mal dazwischen gehalten. Wo ich vier Bilder machte, hatte der gute Jonas schon mehrere zig Bilder alternativ abgeschossen. Ach, es geht<a class=\"more-link\" href=\"https:\/\/www.im-banne-der-sensoren.de\/?p=2529\"><span class=\"screen-reader-text\">&#8222;Drache &#038; Dad&#8220;<\/span> weiterlesen<\/a><\/p>\n","protected":false},"author":1,"featured_media":0,"comment_status":"open","ping_status":"open","sticky":false,"template":"","format":"standard","meta":{"footnotes":""},"categories":[15,3,40],"tags":[],"class_list":["post-2529","post","type-post","status-publish","format-standard","hentry","category-ausen","category-peter_p","category-portrait","entry"],"_links":{"self":[{"href":"https:\/\/www.im-banne-der-sensoren.de\/index.php?rest_route=\/wp\/v2\/posts\/2529","targetHints":{"allow":["GET"]}}],"collection":[{"href":"https:\/\/www.im-banne-der-sensoren.de\/index.php?rest_route=\/wp\/v2\/posts"}],"about":[{"href":"https:\/\/www.im-banne-der-sensoren.de\/index.php?rest_route=\/wp\/v2\/types\/post"}],"author":[{"embeddable":true,"href":"https:\/\/www.im-banne-der-sensoren.de\/index.php?rest_route=\/wp\/v2\/users\/1"}],"replies":[{"embeddable":true,"href":"https:\/\/www.im-banne-der-sensoren.de\/index.php?rest_route=%2Fwp%2Fv2%2Fcomments&post=2529"}],"version-history":[{"count":2,"href":"https:\/\/www.im-banne-der-sensoren.de\/index.php?rest_route=\/wp\/v2\/posts\/2529\/revisions"}],"predecessor-version":[{"id":2533,"href":"https:\/\/www.im-banne-der-sensoren.de\/index.php?rest_route=\/wp\/v2\/posts\/2529\/revisions\/2533"}],"wp:attachment":[{"href":"https:\/\/www.im-banne-der-sensoren.de\/index.php?rest_route=%2Fwp%2Fv2%2Fmedia&parent=2529"}],"wp:term":[{"taxonomy":"category","embeddable":true,"href":"https:\/\/www.im-banne-der-sensoren.de\/index.php?rest_route=%2Fwp%2Fv2%2Fcategories&post=2529"},{"taxonomy":"post_tag","embeddable":true,"href":"https:\/\/www.im-banne-der-sensoren.de\/index.php?rest_route=%2Fwp%2Fv2%2Ftags&post=2529"}],"curies":[{"name":"wp","href":"https:\/\/api.w.org\/{rel}","templated":true}]}}