{"id":2501,"date":"2011-09-25T00:14:42","date_gmt":"2011-09-24T22:14:42","guid":{"rendered":"http:\/\/www.im-banne-der-sensoren.de\/?p=2501"},"modified":"2011-10-10T21:57:09","modified_gmt":"2011-10-10T19:57:09","slug":"der-himmel-uber-reuschenberg","status":"publish","type":"post","link":"https:\/\/www.im-banne-der-sensoren.de\/?p=2501","title":{"rendered":"Der Himmel \u00fcber Reuschenberg"},"content":{"rendered":"<p><a href=\"http:\/\/www.im-banne-der-sensoren.de\/wp-content\/uploads\/2011\/09\/0154_Reuschenberg1.jpg\"><img loading=\"lazy\" decoding=\"async\" class=\"alignnone size-medium wp-image-2507\" title=\"0154_Reuschenberg\" src=\"http:\/\/www.im-banne-der-sensoren.de\/wp-content\/uploads\/2011\/09\/0154_Reuschenberg1-500x332.jpg\" alt=\"\" width=\"500\" height=\"332\" srcset=\"https:\/\/www.im-banne-der-sensoren.de\/wp-content\/uploads\/2011\/09\/0154_Reuschenberg1-500x332.jpg 500w, https:\/\/www.im-banne-der-sensoren.de\/wp-content\/uploads\/2011\/09\/0154_Reuschenberg1.jpg 900w\" sizes=\"auto, (max-width: 500px) 100vw, 500px\" \/><\/a><\/p>\n<p>Dieses Foto hat mein Freund Herr Tillmann gemacht, an Ende eines sehr heissen, schw\u00fclen Tages in der K\u00f6lner Bucht. Im Garten meines Bruders und meiner Schw\u00e4gerin liess es sich gut aushalten, wenn man sich nicht gro\u00df bewegte.<br \/>\nDer Gastfotograf hat sich schnell mit der Sigma DP 1 vertraut gemacht, wovon noch einige andere Wolkenbilder Zeugnis ablegen.<\/p>\n","protected":false},"excerpt":{"rendered":"<p>Dieses Foto hat mein Freund Herr Tillmann gemacht, an Ende eines sehr heissen, schw\u00fclen Tages in der K\u00f6lner Bucht. Im Garten meines Bruders und meiner Schw\u00e4gerin liess es sich gut aushalten, wenn man sich nicht gro\u00df bewegte. Der Gastfotograf hat sich schnell mit der Sigma DP 1 vertraut gemacht, wovon noch einige andere Wolkenbilder Zeugnis<a class=\"more-link\" href=\"https:\/\/www.im-banne-der-sensoren.de\/?p=2501\"><span class=\"screen-reader-text\">&#8222;Der Himmel \u00fcber Reuschenberg&#8220;<\/span> weiterlesen<\/a><\/p>\n","protected":false},"author":3,"featured_media":0,"comment_status":"open","ping_status":"open","sticky":false,"template":"","format":"standard","meta":{"footnotes":""},"categories":[1,15,116,139,44,101,103],"tags":[],"class_list":["post-2501","post","type-post","status-publish","format-standard","hentry","category-allgemein","category-ausen","category-dunkel","category-gastfotograf","category-nacht","category-natur","category-schatten","entry"],"_links":{"self":[{"href":"https:\/\/www.im-banne-der-sensoren.de\/index.php?rest_route=\/wp\/v2\/posts\/2501","targetHints":{"allow":["GET"]}}],"collection":[{"href":"https:\/\/www.im-banne-der-sensoren.de\/index.php?rest_route=\/wp\/v2\/posts"}],"about":[{"href":"https:\/\/www.im-banne-der-sensoren.de\/index.php?rest_route=\/wp\/v2\/types\/post"}],"author":[{"embeddable":true,"href":"https:\/\/www.im-banne-der-sensoren.de\/index.php?rest_route=\/wp\/v2\/users\/3"}],"replies":[{"embeddable":true,"href":"https:\/\/www.im-banne-der-sensoren.de\/index.php?rest_route=%2Fwp%2Fv2%2Fcomments&post=2501"}],"version-history":[{"count":14,"href":"https:\/\/www.im-banne-der-sensoren.de\/index.php?rest_route=\/wp\/v2\/posts\/2501\/revisions"}],"predecessor-version":[{"id":2732,"href":"https:\/\/www.im-banne-der-sensoren.de\/index.php?rest_route=\/wp\/v2\/posts\/2501\/revisions\/2732"}],"wp:attachment":[{"href":"https:\/\/www.im-banne-der-sensoren.de\/index.php?rest_route=%2Fwp%2Fv2%2Fmedia&parent=2501"}],"wp:term":[{"taxonomy":"category","embeddable":true,"href":"https:\/\/www.im-banne-der-sensoren.de\/index.php?rest_route=%2Fwp%2Fv2%2Fcategories&post=2501"},{"taxonomy":"post_tag","embeddable":true,"href":"https:\/\/www.im-banne-der-sensoren.de\/index.php?rest_route=%2Fwp%2Fv2%2Ftags&post=2501"}],"curies":[{"name":"wp","href":"https:\/\/api.w.org\/{rel}","templated":true}]}}