{"id":24843,"date":"2023-05-02T16:42:24","date_gmt":"2023-05-02T14:42:24","guid":{"rendered":"https:\/\/www.im-banne-der-sensoren.de\/?p=24843"},"modified":"2023-05-02T16:42:24","modified_gmt":"2023-05-02T14:42:24","slug":"man-muss-sich-das-natuerlich-sehr-hellblau-und-saftiggruen-vorstellen-wie-im-fruehling","status":"publish","type":"post","link":"https:\/\/www.im-banne-der-sensoren.de\/?p=24843","title":{"rendered":"Man muss sich das nat\u00fcrlich sehr hellblau und saftiggr\u00fcn vorstellen, wie im Fr\u00fchling"},"content":{"rendered":"<div class=\"wp-block-image\">\n<figure class=\"aligncenter size-large\"><a href=\"https:\/\/www.im-banne-der-sensoren.de\/wp-content\/uploads\/2023\/05\/1800px-IMG_0708.jpg\"><img loading=\"lazy\" decoding=\"async\" width=\"900\" height=\"600\" src=\"https:\/\/www.im-banne-der-sensoren.de\/wp-content\/uploads\/2023\/05\/1800px-IMG_0708-900x600.jpg\" alt=\"\" class=\"wp-image-24844\" srcset=\"https:\/\/www.im-banne-der-sensoren.de\/wp-content\/uploads\/2023\/05\/1800px-IMG_0708-900x600.jpg 900w, https:\/\/www.im-banne-der-sensoren.de\/wp-content\/uploads\/2023\/05\/1800px-IMG_0708-500x333.jpg 500w, https:\/\/www.im-banne-der-sensoren.de\/wp-content\/uploads\/2023\/05\/1800px-IMG_0708-768x512.jpg 768w, https:\/\/www.im-banne-der-sensoren.de\/wp-content\/uploads\/2023\/05\/1800px-IMG_0708-1536x1024.jpg 1536w, https:\/\/www.im-banne-der-sensoren.de\/wp-content\/uploads\/2023\/05\/1800px-IMG_0708-1568x1045.jpg 1568w, https:\/\/www.im-banne-der-sensoren.de\/wp-content\/uploads\/2023\/05\/1800px-IMG_0708.jpg 1800w\" sizes=\"auto, (max-width: 900px) 100vw, 900px\" \/><\/a><\/figure><\/div>","protected":false},"excerpt":{"rendered":"","protected":false},"author":1,"featured_media":0,"comment_status":"open","ping_status":"open","sticky":false,"template":"","format":"standard","meta":{"footnotes":""},"categories":[15,60,146,3,181],"tags":[],"class_list":["post-24843","post","type-post","status-publish","format-standard","hentry","category-ausen","category-himmel","category-landschaft","category-peter_p","category-wolken","entry"],"_links":{"self":[{"href":"https:\/\/www.im-banne-der-sensoren.de\/index.php?rest_route=\/wp\/v2\/posts\/24843","targetHints":{"allow":["GET"]}}],"collection":[{"href":"https:\/\/www.im-banne-der-sensoren.de\/index.php?rest_route=\/wp\/v2\/posts"}],"about":[{"href":"https:\/\/www.im-banne-der-sensoren.de\/index.php?rest_route=\/wp\/v2\/types\/post"}],"author":[{"embeddable":true,"href":"https:\/\/www.im-banne-der-sensoren.de\/index.php?rest_route=\/wp\/v2\/users\/1"}],"replies":[{"embeddable":true,"href":"https:\/\/www.im-banne-der-sensoren.de\/index.php?rest_route=%2Fwp%2Fv2%2Fcomments&post=24843"}],"version-history":[{"count":1,"href":"https:\/\/www.im-banne-der-sensoren.de\/index.php?rest_route=\/wp\/v2\/posts\/24843\/revisions"}],"predecessor-version":[{"id":24845,"href":"https:\/\/www.im-banne-der-sensoren.de\/index.php?rest_route=\/wp\/v2\/posts\/24843\/revisions\/24845"}],"wp:attachment":[{"href":"https:\/\/www.im-banne-der-sensoren.de\/index.php?rest_route=%2Fwp%2Fv2%2Fmedia&parent=24843"}],"wp:term":[{"taxonomy":"category","embeddable":true,"href":"https:\/\/www.im-banne-der-sensoren.de\/index.php?rest_route=%2Fwp%2Fv2%2Fcategories&post=24843"},{"taxonomy":"post_tag","embeddable":true,"href":"https:\/\/www.im-banne-der-sensoren.de\/index.php?rest_route=%2Fwp%2Fv2%2Ftags&post=24843"}],"curies":[{"name":"wp","href":"https:\/\/api.w.org\/{rel}","templated":true}]}}