{"id":23531,"date":"2021-10-04T11:48:46","date_gmt":"2021-10-04T09:48:46","guid":{"rendered":"https:\/\/www.im-banne-der-sensoren.de\/?p=23531"},"modified":"2021-10-04T11:48:46","modified_gmt":"2021-10-04T09:48:46","slug":"das-himmlische-kind","status":"publish","type":"post","link":"https:\/\/www.im-banne-der-sensoren.de\/?p=23531","title":{"rendered":"Das himmlische Kind"},"content":{"rendered":"\n<div class=\"wp-block-image\"><figure class=\"aligncenter size-large\"><a href=\"https:\/\/www.im-banne-der-sensoren.de\/wp-content\/uploads\/2021\/10\/IMG_7619.jpg\"><img loading=\"lazy\" decoding=\"async\" width=\"900\" height=\"600\" src=\"https:\/\/www.im-banne-der-sensoren.de\/wp-content\/uploads\/2021\/10\/IMG_7619-900x600.jpg\" alt=\"\" class=\"wp-image-23532\" srcset=\"https:\/\/www.im-banne-der-sensoren.de\/wp-content\/uploads\/2021\/10\/IMG_7619-900x600.jpg 900w, https:\/\/www.im-banne-der-sensoren.de\/wp-content\/uploads\/2021\/10\/IMG_7619-500x333.jpg 500w, https:\/\/www.im-banne-der-sensoren.de\/wp-content\/uploads\/2021\/10\/IMG_7619-768x512.jpg 768w, https:\/\/www.im-banne-der-sensoren.de\/wp-content\/uploads\/2021\/10\/IMG_7619.jpg 950w\" sizes=\"auto, (max-width: 900px) 100vw, 900px\" \/><\/a><\/figure><\/div>\n\n\n\n<p>Wir waren am See und es war wie an der See: Hunde holten St\u00f6ckchen aus den Wellen, Windsurfer kippten um, die Frau Mam\u00e1 h\u00e4tte es fast weggeweht.<\/p>\n","protected":false},"excerpt":{"rendered":"<p>Wir waren am See und es war wie an der See: Hunde holten St\u00f6ckchen aus den Wellen, Windsurfer kippten um, die Frau Mam\u00e1 h\u00e4tte es fast weggeweht.<\/p>\n","protected":false},"author":1,"featured_media":0,"comment_status":"open","ping_status":"open","sticky":false,"template":"","format":"standard","meta":{"footnotes":""},"categories":[15,73,185,246,60,3,181],"tags":[],"class_list":["post-23531","post","type-post","status-publish","format-standard","hentry","category-ausen","category-baum","category-grau-2","category-herbst","category-himmel","category-peter_p","category-wolken","entry"],"_links":{"self":[{"href":"https:\/\/www.im-banne-der-sensoren.de\/index.php?rest_route=\/wp\/v2\/posts\/23531","targetHints":{"allow":["GET"]}}],"collection":[{"href":"https:\/\/www.im-banne-der-sensoren.de\/index.php?rest_route=\/wp\/v2\/posts"}],"about":[{"href":"https:\/\/www.im-banne-der-sensoren.de\/index.php?rest_route=\/wp\/v2\/types\/post"}],"author":[{"embeddable":true,"href":"https:\/\/www.im-banne-der-sensoren.de\/index.php?rest_route=\/wp\/v2\/users\/1"}],"replies":[{"embeddable":true,"href":"https:\/\/www.im-banne-der-sensoren.de\/index.php?rest_route=%2Fwp%2Fv2%2Fcomments&post=23531"}],"version-history":[{"count":1,"href":"https:\/\/www.im-banne-der-sensoren.de\/index.php?rest_route=\/wp\/v2\/posts\/23531\/revisions"}],"predecessor-version":[{"id":23533,"href":"https:\/\/www.im-banne-der-sensoren.de\/index.php?rest_route=\/wp\/v2\/posts\/23531\/revisions\/23533"}],"wp:attachment":[{"href":"https:\/\/www.im-banne-der-sensoren.de\/index.php?rest_route=%2Fwp%2Fv2%2Fmedia&parent=23531"}],"wp:term":[{"taxonomy":"category","embeddable":true,"href":"https:\/\/www.im-banne-der-sensoren.de\/index.php?rest_route=%2Fwp%2Fv2%2Fcategories&post=23531"},{"taxonomy":"post_tag","embeddable":true,"href":"https:\/\/www.im-banne-der-sensoren.de\/index.php?rest_route=%2Fwp%2Fv2%2Ftags&post=23531"}],"curies":[{"name":"wp","href":"https:\/\/api.w.org\/{rel}","templated":true}]}}