{"id":23192,"date":"2021-02-16T13:53:56","date_gmt":"2021-02-16T12:53:56","guid":{"rendered":"http:\/\/www.im-banne-der-sensoren.de\/?p=23192"},"modified":"2021-02-16T13:54:54","modified_gmt":"2021-02-16T12:54:54","slug":"23192","status":"publish","type":"post","link":"https:\/\/www.im-banne-der-sensoren.de\/?p=23192","title":{"rendered":""},"content":{"rendered":"\n<div class=\"wp-block-group\"><div class=\"wp-block-group__inner-container is-layout-flow wp-block-group-is-layout-flow\">\n<div class=\"wp-block-image\"><figure class=\"aligncenter size-large is-resized\"><a href=\"https:\/\/www.im-banne-der-sensoren.de\/wp-content\/uploads\/2021\/02\/L1060026.jpg\"><img loading=\"lazy\" decoding=\"async\" src=\"https:\/\/www.im-banne-der-sensoren.de\/wp-content\/uploads\/2021\/02\/L1060026.jpg\" alt=\"\" class=\"wp-image-23193\" width=\"450\" height=\"300\" srcset=\"https:\/\/www.im-banne-der-sensoren.de\/wp-content\/uploads\/2021\/02\/L1060026.jpg 900w, https:\/\/www.im-banne-der-sensoren.de\/wp-content\/uploads\/2021\/02\/L1060026-500x333.jpg 500w, https:\/\/www.im-banne-der-sensoren.de\/wp-content\/uploads\/2021\/02\/L1060026-768x512.jpg 768w\" sizes=\"auto, (max-width: 450px) 100vw, 450px\" \/><\/a><\/figure><\/div>\n<\/div><\/div>\n\n\n\n<h2 class=\"has-text-align-center wp-block-heading\"><strong>Sibylla Schwarz<\/strong><\/h2>\n\n\n\n<p class=\"has-text-align-center\">Hier hab ich nun mein sehnliches Verlangen:<br>Hier liegt mein Lieb\/ hier liegt mein ander ich:<br>Hier giebt das Gl\u00fcck sich selbst gefangen mich:<br>Hier mag ich nun mein Lieb vielmahl umfangen.<br>Hier mag ich nun auch k\u00fcssen seine Wangen:<br>Cupido h\u00f6rt mein Klagen inniglich\/<br>Und will nun auch so h\u00fclffreich zeigen sich;<br>Nun mag ich wohl mit meinem Gl\u00fccke prangen.<br>Die Venus zeigt mir iezt ein guhtes Ziel\/<br>Ich will nur selbst\/ nicht was ich gerne will;<br>O Bl\u00f6digkeit\/ du must nur von mir weichen!<br>Weil du hir bist\/ w\u00e4rt meine grosse Pein;<br>Wer lieben will\/ mus nicht so bl\u00f6de seyn\/<br>Sonst kann er nicht der Liebe Lohn erreichen.<\/p>\n","protected":false},"excerpt":{"rendered":"<p>Sibylla Schwarz Hier hab ich nun mein sehnliches Verlangen:Hier liegt mein Lieb\/ hier liegt mein ander ich:Hier giebt das Gl\u00fcck sich selbst gefangen mich:Hier mag ich nun mein Lieb vielmahl umfangen.Hier mag ich nun auch k\u00fcssen seine Wangen:Cupido h\u00f6rt mein Klagen inniglich\/Und will nun auch so h\u00fclffreich zeigen sich;Nun mag ich wohl mit meinem Gl\u00fccke<a class=\"more-link\" href=\"https:\/\/www.im-banne-der-sensoren.de\/?p=23192\"> weiterlesen<\/a><\/p>\n","protected":false},"author":3,"featured_media":0,"comment_status":"open","ping_status":"open","sticky":false,"template":"","format":"standard","meta":{"footnotes":""},"categories":[1],"tags":[],"class_list":["post-23192","post","type-post","status-publish","format-standard","hentry","category-allgemein","entry"],"_links":{"self":[{"href":"https:\/\/www.im-banne-der-sensoren.de\/index.php?rest_route=\/wp\/v2\/posts\/23192","targetHints":{"allow":["GET"]}}],"collection":[{"href":"https:\/\/www.im-banne-der-sensoren.de\/index.php?rest_route=\/wp\/v2\/posts"}],"about":[{"href":"https:\/\/www.im-banne-der-sensoren.de\/index.php?rest_route=\/wp\/v2\/types\/post"}],"author":[{"embeddable":true,"href":"https:\/\/www.im-banne-der-sensoren.de\/index.php?rest_route=\/wp\/v2\/users\/3"}],"replies":[{"embeddable":true,"href":"https:\/\/www.im-banne-der-sensoren.de\/index.php?rest_route=%2Fwp%2Fv2%2Fcomments&post=23192"}],"version-history":[{"count":2,"href":"https:\/\/www.im-banne-der-sensoren.de\/index.php?rest_route=\/wp\/v2\/posts\/23192\/revisions"}],"predecessor-version":[{"id":23195,"href":"https:\/\/www.im-banne-der-sensoren.de\/index.php?rest_route=\/wp\/v2\/posts\/23192\/revisions\/23195"}],"wp:attachment":[{"href":"https:\/\/www.im-banne-der-sensoren.de\/index.php?rest_route=%2Fwp%2Fv2%2Fmedia&parent=23192"}],"wp:term":[{"taxonomy":"category","embeddable":true,"href":"https:\/\/www.im-banne-der-sensoren.de\/index.php?rest_route=%2Fwp%2Fv2%2Fcategories&post=23192"},{"taxonomy":"post_tag","embeddable":true,"href":"https:\/\/www.im-banne-der-sensoren.de\/index.php?rest_route=%2Fwp%2Fv2%2Ftags&post=23192"}],"curies":[{"name":"wp","href":"https:\/\/api.w.org\/{rel}","templated":true}]}}