{"id":23188,"date":"2021-02-15T08:59:00","date_gmt":"2021-02-15T07:59:00","guid":{"rendered":"http:\/\/www.im-banne-der-sensoren.de\/?p=23188"},"modified":"2021-02-14T16:04:37","modified_gmt":"2021-02-14T15:04:37","slug":"montag","status":"publish","type":"post","link":"https:\/\/www.im-banne-der-sensoren.de\/?p=23188","title":{"rendered":"Montag"},"content":{"rendered":"\n<div class=\"wp-block-image\"><figure class=\"aligncenter size-large is-resized\"><a href=\"https:\/\/www.im-banne-der-sensoren.de\/wp-content\/uploads\/2021\/02\/L1060025.jpg\"><img loading=\"lazy\" decoding=\"async\" src=\"https:\/\/www.im-banne-der-sensoren.de\/wp-content\/uploads\/2021\/02\/L1060025.jpg\" alt=\"\" class=\"wp-image-23189\" width=\"450\" height=\"300\" srcset=\"https:\/\/www.im-banne-der-sensoren.de\/wp-content\/uploads\/2021\/02\/L1060025.jpg 900w, https:\/\/www.im-banne-der-sensoren.de\/wp-content\/uploads\/2021\/02\/L1060025-500x333.jpg 500w, https:\/\/www.im-banne-der-sensoren.de\/wp-content\/uploads\/2021\/02\/L1060025-768x512.jpg 768w\" sizes=\"auto, (max-width: 450px) 100vw, 450px\" \/><\/a><\/figure><\/div>\n\n\n\n<p class=\"has-text-align-center\"><em>O wohl dem \/ der nicht wei\u00df \/ wo Grimm\u00b4 und Greifswald ist!&nbsp;<\/em><\/p>\n\n\n\n<p class=\"has-text-align-center\">Es l\u00e4sst sich gegenst\u00e4ndlich leben<br>Lavendelb\u00fcsche und Hortensien in T\u00f6pfen<br>Allj\u00e4hrlich Stutzen und Beschneiden<br>Sandkasten mit immergr\u00fcnem Sand<br>Hier wird der Gang por\u00f6s auf weichgeschabten Fersen<br>Kommst du nicht weit zieh Stiefel an<br>Nimm eine Leiter hol ein Seil begrab die \u00c4pfel<br>Die Post besteht aus leeren Abschiedszetteln<br>Hinter den Toren schreit ein Hahn<br>Das einzige Vergn\u00fcgen das uns zusteht<br>Etwas zwischen den Rippen pulsieren zu h\u00f6ren<br>Bei Tisch halten wir uns an den H\u00e4nden singen ein Mantra<br>Morgen wird alles besser<\/p>\n\n\n\n<p class=\"has-text-align-center\"><strong>Slata Roschal<\/strong><\/p>\n","protected":false},"excerpt":{"rendered":"<p>O wohl dem \/ der nicht wei\u00df \/ wo Grimm\u00b4 und Greifswald ist!&nbsp; Es l\u00e4sst sich gegenst\u00e4ndlich lebenLavendelb\u00fcsche und Hortensien in T\u00f6pfenAllj\u00e4hrlich Stutzen und BeschneidenSandkasten mit immergr\u00fcnem SandHier wird der Gang por\u00f6s auf weichgeschabten FersenKommst du nicht weit zieh Stiefel anNimm eine Leiter hol ein Seil begrab die \u00c4pfelDie Post besteht aus leeren AbschiedszettelnHinter den<a class=\"more-link\" href=\"https:\/\/www.im-banne-der-sensoren.de\/?p=23188\"><span class=\"screen-reader-text\">&#8222;Montag&#8220;<\/span> weiterlesen<\/a><\/p>\n","protected":false},"author":3,"featured_media":0,"comment_status":"open","ping_status":"open","sticky":false,"template":"","format":"standard","meta":{"footnotes":""},"categories":[1],"tags":[],"class_list":["post-23188","post","type-post","status-publish","format-standard","hentry","category-allgemein","entry"],"_links":{"self":[{"href":"https:\/\/www.im-banne-der-sensoren.de\/index.php?rest_route=\/wp\/v2\/posts\/23188","targetHints":{"allow":["GET"]}}],"collection":[{"href":"https:\/\/www.im-banne-der-sensoren.de\/index.php?rest_route=\/wp\/v2\/posts"}],"about":[{"href":"https:\/\/www.im-banne-der-sensoren.de\/index.php?rest_route=\/wp\/v2\/types\/post"}],"author":[{"embeddable":true,"href":"https:\/\/www.im-banne-der-sensoren.de\/index.php?rest_route=\/wp\/v2\/users\/3"}],"replies":[{"embeddable":true,"href":"https:\/\/www.im-banne-der-sensoren.de\/index.php?rest_route=%2Fwp%2Fv2%2Fcomments&post=23188"}],"version-history":[{"count":2,"href":"https:\/\/www.im-banne-der-sensoren.de\/index.php?rest_route=\/wp\/v2\/posts\/23188\/revisions"}],"predecessor-version":[{"id":23191,"href":"https:\/\/www.im-banne-der-sensoren.de\/index.php?rest_route=\/wp\/v2\/posts\/23188\/revisions\/23191"}],"wp:attachment":[{"href":"https:\/\/www.im-banne-der-sensoren.de\/index.php?rest_route=%2Fwp%2Fv2%2Fmedia&parent=23188"}],"wp:term":[{"taxonomy":"category","embeddable":true,"href":"https:\/\/www.im-banne-der-sensoren.de\/index.php?rest_route=%2Fwp%2Fv2%2Fcategories&post=23188"},{"taxonomy":"post_tag","embeddable":true,"href":"https:\/\/www.im-banne-der-sensoren.de\/index.php?rest_route=%2Fwp%2Fv2%2Ftags&post=23188"}],"curies":[{"name":"wp","href":"https:\/\/api.w.org\/{rel}","templated":true}]}}