{"id":22985,"date":"2020-11-22T09:04:00","date_gmt":"2020-11-22T08:04:00","guid":{"rendered":"http:\/\/www.im-banne-der-sensoren.de\/?p=22985"},"modified":"2020-11-21T21:16:54","modified_gmt":"2020-11-21T20:16:54","slug":"anschnitt-3","status":"publish","type":"post","link":"https:\/\/www.im-banne-der-sensoren.de\/?p=22985","title":{"rendered":"Anschnitt"},"content":{"rendered":"\n<figure class=\"wp-block-image size-large\"><a href=\"https:\/\/www.im-banne-der-sensoren.de\/wp-content\/uploads\/2020\/11\/L1060007.jpg\"><img loading=\"lazy\" decoding=\"async\" width=\"900\" height=\"600\" src=\"https:\/\/www.im-banne-der-sensoren.de\/wp-content\/uploads\/2020\/11\/L1060007.jpg\" alt=\"\" class=\"wp-image-22986\" srcset=\"https:\/\/www.im-banne-der-sensoren.de\/wp-content\/uploads\/2020\/11\/L1060007.jpg 900w, https:\/\/www.im-banne-der-sensoren.de\/wp-content\/uploads\/2020\/11\/L1060007-500x333.jpg 500w, https:\/\/www.im-banne-der-sensoren.de\/wp-content\/uploads\/2020\/11\/L1060007-768x512.jpg 768w\" sizes=\"auto, (max-width: 900px) 100vw, 900px\" \/><\/a><\/figure>\n\n\n\n<p>Eine Stall-Lampe aus der DDR, urspr\u00fcnglich mit einer Quecksilderdampflampe ausgestattet, bekam eine zeitgem\u00e4\u00dfe E27-Fassung und ein neues Kabel spendiert. Demn\u00e4chst wird eine Stehlampe daraus. Habe ich ein neues Hobby? Ja doch. <\/p>\n","protected":false},"excerpt":{"rendered":"<p>Eine Stall-Lampe aus der DDR, urspr\u00fcnglich mit einer Quecksilderdampflampe ausgestattet, bekam eine zeitgem\u00e4\u00dfe E27-Fassung und ein neues Kabel spendiert. Demn\u00e4chst wird eine Stehlampe daraus. Habe ich ein neues Hobby? Ja doch.<\/p>\n","protected":false},"author":3,"featured_media":0,"comment_status":"open","ping_status":"open","sticky":false,"template":"","format":"standard","meta":{"footnotes":""},"categories":[1],"tags":[],"class_list":["post-22985","post","type-post","status-publish","format-standard","hentry","category-allgemein","entry"],"_links":{"self":[{"href":"https:\/\/www.im-banne-der-sensoren.de\/index.php?rest_route=\/wp\/v2\/posts\/22985","targetHints":{"allow":["GET"]}}],"collection":[{"href":"https:\/\/www.im-banne-der-sensoren.de\/index.php?rest_route=\/wp\/v2\/posts"}],"about":[{"href":"https:\/\/www.im-banne-der-sensoren.de\/index.php?rest_route=\/wp\/v2\/types\/post"}],"author":[{"embeddable":true,"href":"https:\/\/www.im-banne-der-sensoren.de\/index.php?rest_route=\/wp\/v2\/users\/3"}],"replies":[{"embeddable":true,"href":"https:\/\/www.im-banne-der-sensoren.de\/index.php?rest_route=%2Fwp%2Fv2%2Fcomments&post=22985"}],"version-history":[{"count":3,"href":"https:\/\/www.im-banne-der-sensoren.de\/index.php?rest_route=\/wp\/v2\/posts\/22985\/revisions"}],"predecessor-version":[{"id":22989,"href":"https:\/\/www.im-banne-der-sensoren.de\/index.php?rest_route=\/wp\/v2\/posts\/22985\/revisions\/22989"}],"wp:attachment":[{"href":"https:\/\/www.im-banne-der-sensoren.de\/index.php?rest_route=%2Fwp%2Fv2%2Fmedia&parent=22985"}],"wp:term":[{"taxonomy":"category","embeddable":true,"href":"https:\/\/www.im-banne-der-sensoren.de\/index.php?rest_route=%2Fwp%2Fv2%2Fcategories&post=22985"},{"taxonomy":"post_tag","embeddable":true,"href":"https:\/\/www.im-banne-der-sensoren.de\/index.php?rest_route=%2Fwp%2Fv2%2Ftags&post=22985"}],"curies":[{"name":"wp","href":"https:\/\/api.w.org\/{rel}","templated":true}]}}