{"id":2264,"date":"2011-09-12T07:37:41","date_gmt":"2011-09-12T05:37:41","guid":{"rendered":"http:\/\/www.im-banne-der-sensoren.de\/?p=2264"},"modified":"2011-09-12T07:42:04","modified_gmt":"2011-09-12T05:42:04","slug":"angeschminkt","status":"publish","type":"post","link":"https:\/\/www.im-banne-der-sensoren.de\/?p=2264","title":{"rendered":"Angeschminkt!"},"content":{"rendered":"<p><a href=\"http:\/\/www.im-banne-der-sensoren.de\/wp-content\/uploads\/2011\/09\/SDIM2796_schminken.jpg\"><img decoding=\"async\" class=\"alignnone size-medium wp-image-198\u201c title=\"herr dragnet lacht\" src=\"http:\/\/www.im-banne-der-sensoren.de\/wp-content\/uploads\/2011\/09\/SDIM2796_schminken.jpg\" alt=\"\" width=\"950\" height=\"\u201e633&quot;\" \/><\/a><\/p>\n<p>Wieder mal Theater. Eine kleine Serie. Fotos aus der Garderobe. Zweiter Abend nach der Premiere. Auftrittsvorbereitung. <\/p>\n<p><a href=\"http:\/\/www.im-banne-der-sensoren.de\/wp-content\/uploads\/2011\/09\/SDIM2819_schminken.jpg\"><img decoding=\"async\" class=\"alignnone size-medium wp-image-198\u201c title=\"frau vietzi konzentriert sich\" src=\"http:\/\/www.im-banne-der-sensoren.de\/wp-content\/uploads\/2011\/09\/SDIM2819_schminken.jpg\" alt=\"\" width=\"950\" height=\"\u201e633&quot;\" \/><\/a><\/p>\n<p>Die kleine Knipse hatte ich auf 800 ASA + 3 Blendenstufen hochgeh\u00fcbscht. Das bedeutet: korrekte Farbe ist eh keine mehr drin in den Bildern, eher eine Farbso\u00dfe, die ich ins Schwarzwei\u00dfe dr\u00fccke. Deutliche Graustufen-Abrisse sind auch entstanden, aber die nehme ich in Kauf f\u00fcr den Reportagecharakter dieser kleinen Serie. Damit bewerbe ich mich jetzt und hier um einen Magnum-Stammplatz \u2013 alternativ ein Magnum Classic.<\/p>\n<p><a href=\"http:\/\/www.im-banne-der-sensoren.de\/wp-content\/uploads\/2011\/09\/SDIM2821_schminken.jpg\"><img decoding=\"async\" class=\"alignnone size-medium wp-image-198\u201c title=\u201efrau elfi ist abendfein\" src=\"http:\/\/www.im-banne-der-sensoren.de\/wp-content\/uploads\/2011\/09\/SDIM2821_schminken.jpg\" alt=\"\" width=\"950\" height=\"\u201e633&quot;\" \/><\/a><\/p>\n","protected":false},"excerpt":{"rendered":"<p>Die kleine Knipse hatte ich auf 800 ASA + 3 Blendenstufen hochgeh\u00fcbscht. Das bedeutet: korrekte Farbe ist eh keine mehr drin in den Bildern, eher eine Farbso\u00dfe, die ich ins Schwarzwei\u00dfe dr\u00fccke. Deutliche Graustufen-Abrisse sind auch entstanden, aber die nehme ich in Kauf f\u00fcr den Reportagecharakter dieser kleinen Serie. Damit bewerbe ich mich jetzt und<a class=\"more-link\" href=\"https:\/\/www.im-banne-der-sensoren.de\/?p=2264\"><span class=\"screen-reader-text\">&#8222;Angeschminkt!&#8220;<\/span> weiterlesen<\/a><\/p>\n","protected":false},"author":1,"featured_media":0,"comment_status":"open","ping_status":"open","sticky":false,"template":"","format":"standard","meta":{"footnotes":""},"categories":[116,20,3,40,124],"tags":[],"class_list":["post-2264","post","type-post","status-publish","format-standard","hentry","category-dunkel","category-innen","category-peter_p","category-portrait","category-schwarzweis","entry"],"_links":{"self":[{"href":"https:\/\/www.im-banne-der-sensoren.de\/index.php?rest_route=\/wp\/v2\/posts\/2264","targetHints":{"allow":["GET"]}}],"collection":[{"href":"https:\/\/www.im-banne-der-sensoren.de\/index.php?rest_route=\/wp\/v2\/posts"}],"about":[{"href":"https:\/\/www.im-banne-der-sensoren.de\/index.php?rest_route=\/wp\/v2\/types\/post"}],"author":[{"embeddable":true,"href":"https:\/\/www.im-banne-der-sensoren.de\/index.php?rest_route=\/wp\/v2\/users\/1"}],"replies":[{"embeddable":true,"href":"https:\/\/www.im-banne-der-sensoren.de\/index.php?rest_route=%2Fwp%2Fv2%2Fcomments&post=2264"}],"version-history":[{"count":5,"href":"https:\/\/www.im-banne-der-sensoren.de\/index.php?rest_route=\/wp\/v2\/posts\/2264\/revisions"}],"predecessor-version":[{"id":2269,"href":"https:\/\/www.im-banne-der-sensoren.de\/index.php?rest_route=\/wp\/v2\/posts\/2264\/revisions\/2269"}],"wp:attachment":[{"href":"https:\/\/www.im-banne-der-sensoren.de\/index.php?rest_route=%2Fwp%2Fv2%2Fmedia&parent=2264"}],"wp:term":[{"taxonomy":"category","embeddable":true,"href":"https:\/\/www.im-banne-der-sensoren.de\/index.php?rest_route=%2Fwp%2Fv2%2Fcategories&post=2264"},{"taxonomy":"post_tag","embeddable":true,"href":"https:\/\/www.im-banne-der-sensoren.de\/index.php?rest_route=%2Fwp%2Fv2%2Ftags&post=2264"}],"curies":[{"name":"wp","href":"https:\/\/api.w.org\/{rel}","templated":true}]}}