{"id":22469,"date":"2020-05-31T15:03:12","date_gmt":"2020-05-31T13:03:12","guid":{"rendered":"http:\/\/www.im-banne-der-sensoren.de\/?p=22469"},"modified":"2020-05-31T15:03:55","modified_gmt":"2020-05-31T13:03:55","slug":"tag-77-versuch-ueber-den-stillen-ort","status":"publish","type":"post","link":"https:\/\/www.im-banne-der-sensoren.de\/?p=22469","title":{"rendered":"Tag 77: Versuch \u00fcber den stillen Ort"},"content":{"rendered":"<p><a href=\"http:\/\/www.im-banne-der-sensoren.de\/wp-content\/uploads\/2020\/05\/L1010160-1.jpg\"><img loading=\"lazy\" decoding=\"async\" class=\"alignnone wp-image-22470\" src=\"http:\/\/www.im-banne-der-sensoren.de\/wp-content\/uploads\/2020\/05\/L1010160-1-500x750.jpg\" alt=\"\" width=\"350\" height=\"525\" srcset=\"https:\/\/www.im-banne-der-sensoren.de\/wp-content\/uploads\/2020\/05\/L1010160-1-500x750.jpg 500w, https:\/\/www.im-banne-der-sensoren.de\/wp-content\/uploads\/2020\/05\/L1010160-1.jpg 600w\" sizes=\"auto, (max-width: 350px) 100vw, 350px\" \/><\/a><\/p>\n<div class=\"RichText RichText--iconLinks lg:w-8\/12 md:w-10\/12 lg:mx-auto md:mx-auto lg:px-24 md:px-24 sm:px-16 clearfix break-words word-wrap\">\n<p>Die Schei\u00dfe<\/p>\n<div>\n<p>Immerzu h\u00f6re ich von ihr Reden<br \/>\nals w\u00e4r sie an allem Schuld.<br \/>\nSeht nur, wie sanft und bescheiden<br \/>\nSie unter uns Platz nimmt!<br \/>\nWarum besudeln wir denn<br \/>\nihren guten Namen<br \/>\nund leihen ihn<br \/>\ndem Pr\u00e4sidenten der USA,<br \/>\nden Bullen, dem Krieg<br \/>\nund dem Kapitalismus?<\/p>\n<p>Wie verg\u00e4nglich sie ist,<br \/>\nund das was wir nach ihr nennen<br \/>\nWie dauerhaft!<br \/>\nSie, die Nachgiebige,<br \/>\nf\u00fchren wir auf der Zunge<br \/>\nund meinen die Ausbeuter.<br \/>\nSie, die wir ausgedr\u00fcckt haben,<br \/>\nsoll nun auch noch ausdr\u00fccken<br \/>\nunsere Wut?<\/p>\n<p>Hat sie uns nicht erleichtert?<br \/>\nVon weicher Beschaffenheit<br \/>\nund eigent\u00fcmlich gewaltlos<br \/>\nist sie von allen Werken des Menschen<br \/>\nvermutlich das friedlichste.<br \/>\nWas hat sie uns nur getan?<\/p>\n<\/div>\n<\/div>\n<div class=\"RichText RichText--iconLinks lg:w-8\/12 md:w-10\/12 lg:mx-auto md:mx-auto lg:px-24 md:px-24 sm:px-16 clearfix break-words word-wrap\">\n<p>Hans Magnus Enzensberger<\/p>\n<\/div>\n","protected":false},"excerpt":{"rendered":"<p>Die Schei\u00dfe Immerzu h\u00f6re ich von ihr Reden als w\u00e4r sie an allem Schuld. Seht nur, wie sanft und bescheiden Sie unter uns Platz nimmt! Warum besudeln wir denn ihren guten Namen und leihen ihn dem Pr\u00e4sidenten der USA, den Bullen, dem Krieg und dem Kapitalismus? Wie verg\u00e4nglich sie ist, und das was wir nach<a class=\"more-link\" href=\"https:\/\/www.im-banne-der-sensoren.de\/?p=22469\"><span class=\"screen-reader-text\">&#8222;Tag 77: Versuch \u00fcber den stillen Ort&#8220;<\/span> weiterlesen<\/a><\/p>\n","protected":false},"author":3,"featured_media":0,"comment_status":"open","ping_status":"open","sticky":false,"template":"","format":"standard","meta":{"footnotes":""},"categories":[1],"tags":[],"class_list":["post-22469","post","type-post","status-publish","format-standard","hentry","category-allgemein","entry"],"_links":{"self":[{"href":"https:\/\/www.im-banne-der-sensoren.de\/index.php?rest_route=\/wp\/v2\/posts\/22469","targetHints":{"allow":["GET"]}}],"collection":[{"href":"https:\/\/www.im-banne-der-sensoren.de\/index.php?rest_route=\/wp\/v2\/posts"}],"about":[{"href":"https:\/\/www.im-banne-der-sensoren.de\/index.php?rest_route=\/wp\/v2\/types\/post"}],"author":[{"embeddable":true,"href":"https:\/\/www.im-banne-der-sensoren.de\/index.php?rest_route=\/wp\/v2\/users\/3"}],"replies":[{"embeddable":true,"href":"https:\/\/www.im-banne-der-sensoren.de\/index.php?rest_route=%2Fwp%2Fv2%2Fcomments&post=22469"}],"version-history":[{"count":4,"href":"https:\/\/www.im-banne-der-sensoren.de\/index.php?rest_route=\/wp\/v2\/posts\/22469\/revisions"}],"predecessor-version":[{"id":22474,"href":"https:\/\/www.im-banne-der-sensoren.de\/index.php?rest_route=\/wp\/v2\/posts\/22469\/revisions\/22474"}],"wp:attachment":[{"href":"https:\/\/www.im-banne-der-sensoren.de\/index.php?rest_route=%2Fwp%2Fv2%2Fmedia&parent=22469"}],"wp:term":[{"taxonomy":"category","embeddable":true,"href":"https:\/\/www.im-banne-der-sensoren.de\/index.php?rest_route=%2Fwp%2Fv2%2Fcategories&post=22469"},{"taxonomy":"post_tag","embeddable":true,"href":"https:\/\/www.im-banne-der-sensoren.de\/index.php?rest_route=%2Fwp%2Fv2%2Ftags&post=22469"}],"curies":[{"name":"wp","href":"https:\/\/api.w.org\/{rel}","templated":true}]}}