{"id":22430,"date":"2020-05-27T13:49:57","date_gmt":"2020-05-27T11:49:57","guid":{"rendered":"http:\/\/www.im-banne-der-sensoren.de\/?p=22430"},"modified":"2020-05-27T13:49:57","modified_gmt":"2020-05-27T11:49:57","slug":"tag-72-isch-han-sonne-kopp","status":"publish","type":"post","link":"https:\/\/www.im-banne-der-sensoren.de\/?p=22430","title":{"rendered":"Tag 72: Isch han sonne Kopp"},"content":{"rendered":"<p><a href=\"http:\/\/www.im-banne-der-sensoren.de\/wp-content\/uploads\/2020\/05\/61220296544__604E936D-6B3F-4EC9-A0EF-787B78956291.jpg\"><img loading=\"lazy\" decoding=\"async\" class=\"alignnone wp-image-22431\" src=\"http:\/\/www.im-banne-der-sensoren.de\/wp-content\/uploads\/2020\/05\/61220296544__604E936D-6B3F-4EC9-A0EF-787B78956291-500x750.jpg\" alt=\"\" width=\"350\" height=\"525\" srcset=\"https:\/\/www.im-banne-der-sensoren.de\/wp-content\/uploads\/2020\/05\/61220296544__604E936D-6B3F-4EC9-A0EF-787B78956291-500x750.jpg 500w, https:\/\/www.im-banne-der-sensoren.de\/wp-content\/uploads\/2020\/05\/61220296544__604E936D-6B3F-4EC9-A0EF-787B78956291.jpg 600w\" sizes=\"auto, (max-width: 350px) 100vw, 350px\" \/><\/a><\/p>\n<p>Rheinisch f\u00fcr: Ich habe Kopfweh<br \/>\n(Zugspitzstra\u00dfe in M\u00fcnchen-Giesing)<\/p>\n","protected":false},"excerpt":{"rendered":"<p>Rheinisch f\u00fcr: Ich habe Kopfweh (Zugspitzstra\u00dfe in M\u00fcnchen-Giesing)<\/p>\n","protected":false},"author":3,"featured_media":0,"comment_status":"open","ping_status":"open","sticky":false,"template":"","format":"standard","meta":{"footnotes":""},"categories":[1],"tags":[],"class_list":["post-22430","post","type-post","status-publish","format-standard","hentry","category-allgemein","entry"],"_links":{"self":[{"href":"https:\/\/www.im-banne-der-sensoren.de\/index.php?rest_route=\/wp\/v2\/posts\/22430","targetHints":{"allow":["GET"]}}],"collection":[{"href":"https:\/\/www.im-banne-der-sensoren.de\/index.php?rest_route=\/wp\/v2\/posts"}],"about":[{"href":"https:\/\/www.im-banne-der-sensoren.de\/index.php?rest_route=\/wp\/v2\/types\/post"}],"author":[{"embeddable":true,"href":"https:\/\/www.im-banne-der-sensoren.de\/index.php?rest_route=\/wp\/v2\/users\/3"}],"replies":[{"embeddable":true,"href":"https:\/\/www.im-banne-der-sensoren.de\/index.php?rest_route=%2Fwp%2Fv2%2Fcomments&post=22430"}],"version-history":[{"count":1,"href":"https:\/\/www.im-banne-der-sensoren.de\/index.php?rest_route=\/wp\/v2\/posts\/22430\/revisions"}],"predecessor-version":[{"id":22432,"href":"https:\/\/www.im-banne-der-sensoren.de\/index.php?rest_route=\/wp\/v2\/posts\/22430\/revisions\/22432"}],"wp:attachment":[{"href":"https:\/\/www.im-banne-der-sensoren.de\/index.php?rest_route=%2Fwp%2Fv2%2Fmedia&parent=22430"}],"wp:term":[{"taxonomy":"category","embeddable":true,"href":"https:\/\/www.im-banne-der-sensoren.de\/index.php?rest_route=%2Fwp%2Fv2%2Fcategories&post=22430"},{"taxonomy":"post_tag","embeddable":true,"href":"https:\/\/www.im-banne-der-sensoren.de\/index.php?rest_route=%2Fwp%2Fv2%2Ftags&post=22430"}],"curies":[{"name":"wp","href":"https:\/\/api.w.org\/{rel}","templated":true}]}}