{"id":22262,"date":"2020-04-22T12:29:40","date_gmt":"2020-04-22T10:29:40","guid":{"rendered":"http:\/\/www.im-banne-der-sensoren.de\/?p=22262"},"modified":"2020-04-22T12:41:12","modified_gmt":"2020-04-22T10:41:12","slug":"tag-38-ein-gedicht-von-rabbe-enckell","status":"publish","type":"post","link":"https:\/\/www.im-banne-der-sensoren.de\/?p=22262","title":{"rendered":"Tag 38: Ein Gedicht von Rabbe Enckell"},"content":{"rendered":"<p><a href=\"http:\/\/www.im-banne-der-sensoren.de\/wp-content\/uploads\/2020\/04\/IMG_7243.jpg\"><img loading=\"lazy\" decoding=\"async\" class=\"alignnone size-medium wp-image-22263\" src=\"http:\/\/www.im-banne-der-sensoren.de\/wp-content\/uploads\/2020\/04\/IMG_7243-500x333.jpg\" alt=\"\" width=\"500\" height=\"333\" srcset=\"https:\/\/www.im-banne-der-sensoren.de\/wp-content\/uploads\/2020\/04\/IMG_7243-500x333.jpg 500w, https:\/\/www.im-banne-der-sensoren.de\/wp-content\/uploads\/2020\/04\/IMG_7243-768x512.jpg 768w, https:\/\/www.im-banne-der-sensoren.de\/wp-content\/uploads\/2020\/04\/IMG_7243.jpg 900w\" sizes=\"auto, (max-width: 500px) 100vw, 500px\" \/><\/a><\/p>\n<p>Ich bin eine \u00fcberkultivierte<br \/>\nMaus<br \/>\nNimm mich in die flache Hand,<br \/>\nsp\u00fcre,<br \/>\nwie ich durchzittert bin<br \/>\nvon Nervenreaktionen.<br \/>\nDas Leben<br \/>\nklimpert<br \/>\ntausendfingrig<br \/>\nseinen Katzenwalzer<br \/>\nin mein Ohr.<\/p>\n<p><em>\u00dcbersetzt von Klaus-J\u00fcrgen Liedtke<\/em><\/p>\n","protected":false},"excerpt":{"rendered":"<p>Ich bin eine \u00fcberkultivierte Maus Nimm mich in die flache Hand, sp\u00fcre, wie ich durchzittert bin von Nervenreaktionen. Das Leben klimpert tausendfingrig seinen Katzenwalzer in mein Ohr. \u00dcbersetzt von Klaus-J\u00fcrgen Liedtke<\/p>\n","protected":false},"author":3,"featured_media":0,"comment_status":"open","ping_status":"open","sticky":false,"template":"","format":"standard","meta":{"footnotes":""},"categories":[1],"tags":[],"class_list":["post-22262","post","type-post","status-publish","format-standard","hentry","category-allgemein","entry"],"_links":{"self":[{"href":"https:\/\/www.im-banne-der-sensoren.de\/index.php?rest_route=\/wp\/v2\/posts\/22262","targetHints":{"allow":["GET"]}}],"collection":[{"href":"https:\/\/www.im-banne-der-sensoren.de\/index.php?rest_route=\/wp\/v2\/posts"}],"about":[{"href":"https:\/\/www.im-banne-der-sensoren.de\/index.php?rest_route=\/wp\/v2\/types\/post"}],"author":[{"embeddable":true,"href":"https:\/\/www.im-banne-der-sensoren.de\/index.php?rest_route=\/wp\/v2\/users\/3"}],"replies":[{"embeddable":true,"href":"https:\/\/www.im-banne-der-sensoren.de\/index.php?rest_route=%2Fwp%2Fv2%2Fcomments&post=22262"}],"version-history":[{"count":3,"href":"https:\/\/www.im-banne-der-sensoren.de\/index.php?rest_route=\/wp\/v2\/posts\/22262\/revisions"}],"predecessor-version":[{"id":22266,"href":"https:\/\/www.im-banne-der-sensoren.de\/index.php?rest_route=\/wp\/v2\/posts\/22262\/revisions\/22266"}],"wp:attachment":[{"href":"https:\/\/www.im-banne-der-sensoren.de\/index.php?rest_route=%2Fwp%2Fv2%2Fmedia&parent=22262"}],"wp:term":[{"taxonomy":"category","embeddable":true,"href":"https:\/\/www.im-banne-der-sensoren.de\/index.php?rest_route=%2Fwp%2Fv2%2Fcategories&post=22262"},{"taxonomy":"post_tag","embeddable":true,"href":"https:\/\/www.im-banne-der-sensoren.de\/index.php?rest_route=%2Fwp%2Fv2%2Ftags&post=22262"}],"curies":[{"name":"wp","href":"https:\/\/api.w.org\/{rel}","templated":true}]}}