{"id":2148,"date":"2011-08-24T15:43:51","date_gmt":"2011-08-24T13:43:51","guid":{"rendered":"http:\/\/www.im-banne-der-sensoren.de\/?p=2148"},"modified":"2011-08-24T15:46:18","modified_gmt":"2011-08-24T13:46:18","slug":"im-cafe","status":"publish","type":"post","link":"https:\/\/www.im-banne-der-sensoren.de\/?p=2148","title":{"rendered":"Im Caf\u00e9"},"content":{"rendered":"<p><a href=\"http:\/\/www.im-banne-der-sensoren.de\/wp-content\/uploads\/2011\/08\/SDIM2658_cafe_biennale.jpg\"><img decoding=\"async\" class=\"alignnone size-medium wp-image-198\u201c title=\"immer herein!\" src=\"http:\/\/www.im-banne-der-sensoren.de\/wp-content\/uploads\/2011\/08\/SDIM2658_cafe_biennale.jpg\" alt=\"\" width=\"950\" height=\"\u201e633&quot;\" \/><\/a><\/p>\n<p>Wenn man das Caf\u00e9 im Biennale-Pavillon betritt, wei\u00df man noch sehr genau, was man will: Einen Caff\u00e8, ein kleines Tramezzino, ein wenig ausruhen &#8230;<\/p>\n<p><a href=\"http:\/\/www.im-banne-der-sensoren.de\/wp-content\/uploads\/2011\/08\/SDIM2653_cafe_biennale.jpg\"><img decoding=\"async\" class=\"alignnone size-medium wp-image-198\u201c title=\"was h\u00e4tten sie denn gern?\" src=\"http:\/\/www.im-banne-der-sensoren.de\/wp-content\/uploads\/2011\/08\/SDIM2653_cafe_biennale.jpg\" alt=\"\" width=\"950\" height=\"\u201e633&quot;\" \/><\/a><\/p>\n<p>Sp\u00e4testens an der Bestelltheke kann die feste Gewissheit jedoch in multiple Fragefetzen zerfallen, angesichts der vielgestalten Spiegel-Wirklichkeit, die Thomas Rehberger hier an die Wand montiert hat. Diese Caf\u00e9-Gestaltung hat vor zwei Jahren einen Goldenen L\u00f6wen gewonnen &#8211; und bereits mehrere Unfall-Opfer sowie regulierende Umbauten gefordert. <\/p>\n","protected":false},"excerpt":{"rendered":"<p>Sp\u00e4testens an der Bestelltheke kann die feste Gewissheit jedoch in multiple Fragefetzen zerfallen, angesichts der vielgestalten Spiegel-Wirklichkeit, die Thomas Rehberger hier an die Wand montiert hat. Diese Caf\u00e9-Gestaltung hat vor zwei Jahren einen Goldenen L\u00f6wen gewonnen &#8211; und bereits mehrere Unfall-Opfer sowie regulierende Umbauten gefordert.<\/p>\n","protected":false},"author":1,"featured_media":0,"comment_status":"open","ping_status":"open","sticky":false,"template":"","format":"standard","meta":{"footnotes":""},"categories":[32,20,3],"tags":[],"class_list":["post-2148","post","type-post","status-publish","format-standard","hentry","category-architektur","category-innen","category-peter_p","entry"],"_links":{"self":[{"href":"https:\/\/www.im-banne-der-sensoren.de\/index.php?rest_route=\/wp\/v2\/posts\/2148","targetHints":{"allow":["GET"]}}],"collection":[{"href":"https:\/\/www.im-banne-der-sensoren.de\/index.php?rest_route=\/wp\/v2\/posts"}],"about":[{"href":"https:\/\/www.im-banne-der-sensoren.de\/index.php?rest_route=\/wp\/v2\/types\/post"}],"author":[{"embeddable":true,"href":"https:\/\/www.im-banne-der-sensoren.de\/index.php?rest_route=\/wp\/v2\/users\/1"}],"replies":[{"embeddable":true,"href":"https:\/\/www.im-banne-der-sensoren.de\/index.php?rest_route=%2Fwp%2Fv2%2Fcomments&post=2148"}],"version-history":[{"count":4,"href":"https:\/\/www.im-banne-der-sensoren.de\/index.php?rest_route=\/wp\/v2\/posts\/2148\/revisions"}],"predecessor-version":[{"id":2152,"href":"https:\/\/www.im-banne-der-sensoren.de\/index.php?rest_route=\/wp\/v2\/posts\/2148\/revisions\/2152"}],"wp:attachment":[{"href":"https:\/\/www.im-banne-der-sensoren.de\/index.php?rest_route=%2Fwp%2Fv2%2Fmedia&parent=2148"}],"wp:term":[{"taxonomy":"category","embeddable":true,"href":"https:\/\/www.im-banne-der-sensoren.de\/index.php?rest_route=%2Fwp%2Fv2%2Fcategories&post=2148"},{"taxonomy":"post_tag","embeddable":true,"href":"https:\/\/www.im-banne-der-sensoren.de\/index.php?rest_route=%2Fwp%2Fv2%2Ftags&post=2148"}],"curies":[{"name":"wp","href":"https:\/\/api.w.org\/{rel}","templated":true}]}}